{"id":7674,"date":"2025-06-10T14:53:24","date_gmt":"2025-06-10T14:53:24","guid":{"rendered":"https:\/\/burkinaonline.net\/?p=7674"},"modified":"2025-06-10T15:03:14","modified_gmt":"2025-06-10T15:03:14","slug":"drame-a-orodara-un-jeune-operateur-economique-met-fin-a-ses-jours-par-pendaison","status":"publish","type":"post","link":"https:\/\/burkinaonline.net\/?p=7674","title":{"rendered":"Drame \u00e0 Orodara : Un jeune op\u00e9rateur \u00e9conomique met fin \u00e0 ses jours par pendaison"},"content":{"rendered":"<p>Orodara, le 10 juin 2025 \u2013 La commune est sous le choc. O.B, un jeune op\u00e9rateur \u00e9conomique bien connu dans le secteur No 2 d\u2019Orodara, a \u00e9t\u00e9 retrouv\u00e9 mort, pendu \u00e0 une corde, ce mardi 10 juin, dans le secteur No 4. Un acte tragique qui met un terme \u00e0 des jours d\u2019angoisse pour sa famille et soul\u00e8ve de nombreuses interrogations.<\/p>\n<p>Entrepreneur dans l\u2019\u00e9levage et propri\u00e9taire de plusieurs cours en location, O.B semblait bien int\u00e9gr\u00e9 dans le tissu \u00e9conomique local. Pourtant, selon les t\u00e9moignages recueillis, il faisait face \u00e0 de s\u00e9rieuses difficult\u00e9s financi\u00e8res. Des dettes aupr\u00e8s de sa banque l\u2019auraient progressivement plong\u00e9 dans une spirale d\u00e9pressive. Il aurait m\u00eame d\u00fb vendre un de ses biens immobiliers pour honorer ses engagements.<\/p>\n<p>La situation se d\u00e9t\u00e9riore rapidement. Dans un moment de d\u00e9tresse, O.B fait irruption dans une mosqu\u00e9e un vendredi et blesse un fid\u00e8le, qui sera transport\u00e9 \u00e0 l\u2019h\u00f4pital. Cet incident marque un tournant dans son comportement, selon des proches.<\/p>\n<p>Le 4 juin 2025, O.B quitte son domicile \u00e0 moto et ne donne plus signe de vie. Sa disparition suscite l\u2019inqui\u00e9tude. Ses parents lancent des recherches, relay\u00e9es sur les r\u00e9seaux sociaux.<\/p>\n<p>Six jours plus tard, le drame devient r\u00e9alit\u00e9. Le corps sans vie du jeune homme est retrouv\u00e9 pendu, mettant un terme \u00e0 des jours de recherches et de supplications.<\/p>\n<p>La population d\u2019Orodara est sous le choc. Entre tristesse, incompr\u00e9hension et douleur, une question subsiste : comment aider les jeunes en d\u00e9tresse avant que l\u2019irr\u00e9parable ne se produise ?<\/p>\n<p>Que la terre lui soit l\u00e9g\u00e8re.<\/p>\n<p>www.burkinaonline.net<\/p>\n","protected":false},"excerpt":{"rendered":"<p>Orodara, le 10 juin 2025 \u2013 La commune est sous le choc. O.B, un jeune&#8230;<\/p>\n","protected":false},"author":1,"featured_media":7675,"comment_status":"open","ping_status":"open","sticky":false,"template":"","format":"standard","meta":{"footnotes":""},"categories":[8,10,13],"tags":[],"class_list":["post-7674","post","type-post","status-publish","format-standard","has-post-thumbnail","hentry","category-post","category-burkina-faso","category-societe"],"_links":{"self":[{"href":"https:\/\/burkinaonline.net\/index.php?rest_route=\/wp\/v2\/posts\/7674","targetHints":{"allow":["GET"]}}],"collection":[{"href":"https:\/\/burkinaonline.net\/index.php?rest_route=\/wp\/v2\/posts"}],"about":[{"href":"https:\/\/burkinaonline.net\/index.php?rest_route=\/wp\/v2\/types\/post"}],"author":[{"embeddable":true,"href":"https:\/\/burkinaonline.net\/index.php?rest_route=\/wp\/v2\/users\/1"}],"replies":[{"embeddable":true,"href":"https:\/\/burkinaonline.net\/index.php?rest_route=%2Fwp%2Fv2%2Fcomments&post=7674"}],"version-history":[{"count":2,"href":"https:\/\/burkinaonline.net\/index.php?rest_route=\/wp\/v2\/posts\/7674\/revisions"}],"predecessor-version":[{"id":7677,"href":"https:\/\/burkinaonline.net\/index.php?rest_route=\/wp\/v2\/posts\/7674\/revisions\/7677"}],"wp:featuredmedia":[{"embeddable":true,"href":"https:\/\/burkinaonline.net\/index.php?rest_route=\/wp\/v2\/media\/7675"}],"wp:attachment":[{"href":"https:\/\/burkinaonline.net\/index.php?rest_route=%2Fwp%2Fv2%2Fmedia&parent=7674"}],"wp:term":[{"taxonomy":"category","embeddable":true,"href":"https:\/\/burkinaonline.net\/index.php?rest_route=%2Fwp%2Fv2%2Fcategories&post=7674"},{"taxonomy":"post_tag","embeddable":true,"href":"https:\/\/burkinaonline.net\/index.php?rest_route=%2Fwp%2Fv2%2Ftags&post=7674"}],"curies":[{"name":"wp","href":"https:\/\/api.w.org\/{rel}","templated":true}]}}