{"id":7693,"date":"2025-06-10T18:22:22","date_gmt":"2025-06-10T18:22:22","guid":{"rendered":"https:\/\/burkinaonline.net\/?p=7693"},"modified":"2025-06-10T18:22:22","modified_gmt":"2025-06-10T18:22:22","slug":"cooperation-la-russie-renforce-sa-presence-militaire-en-afrique-apres-le-retrait-de-wagner-du-mali","status":"publish","type":"post","link":"https:\/\/burkinaonline.net\/?p=7693","title":{"rendered":"Coop\u00e9ration: La Russie renforce sa pr\u00e9sence militaire en Afrique apr\u00e8s le retrait de Wagner du Mali"},"content":{"rendered":"<p class=\"p1\">Le Kremlin a confirm\u00e9, lundi 9 juin, sa volont\u00e9 de renforcer ses liens militaires avec l\u2019Afrique, quelques jours apr\u00e8s l\u2019annonce du retrait du groupe paramilitaire Wagner du Mali. Cette d\u00e9claration marque une nouvelle phase dans la strat\u00e9gie d\u2019influence russe sur le continent, d\u00e9sormais men\u00e9e par une structure \u00e9tatique : l\u2019Africa Corps.<\/p>\n<p class=\"p1\"><span class=\"s1\">Une pr\u00e9sence qui se red\u00e9finit<\/span><\/p>\n<p class=\"p1\"><span class=\"s1\">\u00ab\u202fLa pr\u00e9sence russe en Afrique ne cesse d\u2019augmenter et nous avons l\u2019intention de renforcer notre coop\u00e9ration tous azimuts avec les pays africains, notamment dans des domaines sensibles li\u00e9s \u00e0 la d\u00e9fense et \u00e0 la s\u00e9curit\u00e9\u202f\u00bb, a d\u00e9clar\u00e9 Dmitri Peskov, porte-parole du Kremlin, lors de son point de presse quotidien. Ces propos confirment que le d\u00e9part de Wagner ne signe pas un d\u00e9sengagement de la Russie, mais une reconfiguration de sa strat\u00e9gie militaire africaine.<\/span><\/p>\n<p class=\"p1\"><span class=\"s1\">Cr\u00e9\u00e9 \u00e0 l\u2019initiative du minist\u00e8re russe de la D\u00e9fense apr\u00e8s la mort d\u2019Evgueni Prigojine en 2023, l\u2019Africa Corps a progressivement absorb\u00e9 les anciens cadres de Wagner, tout en adoptant une structure officielle. Pr\u00e9sente au Mali, au Burkina Faso, au Niger, en Centrafrique ou encore en Guin\u00e9e, cette force continue d\u2019op\u00e9rer aux c\u00f4t\u00e9s des arm\u00e9es nationales, souvent en soutien aux r\u00e9gimes militaires.<\/span><\/p>\n<p class=\"p1\"><span class=\"s1\">Des moyens logistiques renforc\u00e9s<\/span><\/p>\n<p class=\"p1\"><span class=\"s1\">Selon l\u2019agence Associated Press, l\u2019Africa Corps re\u00e7oit un soutien logistique et militaire important de Moscou, incluant chars, artillerie, \u00e9quipements \u00e9lectroniques et avions de combat. Ce mat\u00e9riel, malgr\u00e9 les sanctions occidentales, transite notamment par le port de Conakry, en Guin\u00e9e, \u00e9chappant \u00e0 une surveillance internationale jug\u00e9e insuffisante par plusieurs analystes.<\/span><\/p>\n<p class=\"p1\"><span class=\"s1\">Objectifs g\u00e9opolitiques et \u00e9conomiques<\/span><\/p>\n<p class=\"p1\"><span class=\"s1\">Pour la Russie, cette pr\u00e9sence militaire s\u2019inscrit dans une strat\u00e9gie plus large de contournement de l\u2019isolement occidental. En Afrique, elle cherche \u00e0 asseoir son influence politique, \u00e0 s\u00e9curiser des int\u00e9r\u00eats \u00e9conomiques (mines d\u2019or, d\u2019uranium, etc.), et \u00e0 renforcer sa stature internationale en s\u2019affichant comme un partenaire alternatif aux puissances occidentales, dont la pr\u00e9sence s\u2019est r\u00e9duite au Sahel.<\/span><\/p>\n<p class=\"p1\"><span class=\"s1\">Les gouvernements africains partenaires y trouvent, de leur c\u00f4t\u00e9, un appui s\u00e9curitaire rapide, sans conditionnalit\u00e9s d\u00e9mocratiques. Cette logique d\u2019\u00e9change \u00ab\u202fs\u00e9curit\u00e9 contre loyaut\u00e9\u202f\u00bb alimente toutefois les inqui\u00e9tudes d\u2019organisations de d\u00e9fense des droits humains et d\u2019observateurs internationaux.<\/span><\/p>\n<p class=\"p1\"><span class=\"s1\">Une pr\u00e9sence durable<\/span><\/p>\n<p class=\"p1\"><span class=\"s1\">En conclusion, si le d\u00e9part de Wagner du Mali peut appara\u00eetre comme un tournant, il s\u2019agit surtout d\u2019une formalisation et d\u2019un renforcement de la pr\u00e9sence russe sur le continent. L\u2019Afrique devient ainsi un axe prioritaire dans la diplomatie de puissance du Kremlin, sur fond de rivalit\u00e9 g\u00e9opolitique globale.<\/span><\/p>\n<p class=\"p1\"><span class=\"s2\">www.burkinaonline.net<\/span><\/p>\n","protected":false},"excerpt":{"rendered":"<p>Le Kremlin a confirm\u00e9, lundi 9 juin, sa volont\u00e9 de renforcer ses liens militaires avec&#8230;<\/p>\n","protected":false},"author":1,"featured_media":7694,"comment_status":"open","ping_status":"open","sticky":false,"template":"","format":"standard","meta":{"footnotes":""},"categories":[8,10,18],"tags":[],"class_list":["post-7693","post","type-post","status-publish","format-standard","has-post-thumbnail","hentry","category-post","category-burkina-faso","category-international"],"_links":{"self":[{"href":"https:\/\/burkinaonline.net\/index.php?rest_route=\/wp\/v2\/posts\/7693","targetHints":{"allow":["GET"]}}],"collection":[{"href":"https:\/\/burkinaonline.net\/index.php?rest_route=\/wp\/v2\/posts"}],"about":[{"href":"https:\/\/burkinaonline.net\/index.php?rest_route=\/wp\/v2\/types\/post"}],"author":[{"embeddable":true,"href":"https:\/\/burkinaonline.net\/index.php?rest_route=\/wp\/v2\/users\/1"}],"replies":[{"embeddable":true,"href":"https:\/\/burkinaonline.net\/index.php?rest_route=%2Fwp%2Fv2%2Fcomments&post=7693"}],"version-history":[{"count":1,"href":"https:\/\/burkinaonline.net\/index.php?rest_route=\/wp\/v2\/posts\/7693\/revisions"}],"predecessor-version":[{"id":7695,"href":"https:\/\/burkinaonline.net\/index.php?rest_route=\/wp\/v2\/posts\/7693\/revisions\/7695"}],"wp:featuredmedia":[{"embeddable":true,"href":"https:\/\/burkinaonline.net\/index.php?rest_route=\/wp\/v2\/media\/7694"}],"wp:attachment":[{"href":"https:\/\/burkinaonline.net\/index.php?rest_route=%2Fwp%2Fv2%2Fmedia&parent=7693"}],"wp:term":[{"taxonomy":"category","embeddable":true,"href":"https:\/\/burkinaonline.net\/index.php?rest_route=%2Fwp%2Fv2%2Fcategories&post=7693"},{"taxonomy":"post_tag","embeddable":true,"href":"https:\/\/burkinaonline.net\/index.php?rest_route=%2Fwp%2Fv2%2Ftags&post=7693"}],"curies":[{"name":"wp","href":"https:\/\/api.w.org\/{rel}","templated":true}]}}