{"id":7696,"date":"2025-06-10T23:10:05","date_gmt":"2025-06-10T23:10:05","guid":{"rendered":"https:\/\/burkinaonline.net\/?p=7696"},"modified":"2025-06-10T23:11:18","modified_gmt":"2025-06-10T23:11:18","slug":"cote-divoire-soul-to-soul-condamne-a-5-ans-de-prison-pour-detournement-et-blanchiment","status":"publish","type":"post","link":"https:\/\/burkinaonline.net\/?p=7696","title":{"rendered":"C\u00f4te d\u2019Ivoire : Soul to Soul condamn\u00e9 \u00e0 5 ans de prison pour d\u00e9tournement et blanchiment"},"content":{"rendered":"<p class=\"p1\">Abidjan, 10 juin 2025 \u2013 Le tribunal de premi\u00e8re instance d\u2019Abidjan a condamn\u00e9 ce mardi Souleymane Kamarat\u00e9 Kon\u00e9, surnomm\u00e9 \u00ab Soul to Soul \u00bb, ancien chef du protocole de l\u2019ex-Premier ministre Guillaume Soro, \u00e0 5 ans de prison ferme. Il a \u00e9t\u00e9 reconnu coupable de recel de d\u00e9tournement de deniers publics et de blanchiment d\u2019argent.<\/p>\n<p class=\"p1\"><span class=\"s1\">L\u2019affaire concerne l\u2019achat d\u2019une villa de luxe situ\u00e9e \u00e0 Marcory r\u00e9sidentiel, pour un montant estim\u00e9 entre 1,5 et 1,7 milliard de F CFA, fonds jug\u00e9s d\u2019origine illicite. La justice estime que Kamarat\u00e9 a servi d\u2019interm\u00e9diaire pour acqu\u00e9rir et dissimuler ce bien au profit de Soro, alors Premier ministre.<\/span><\/p>\n<p class=\"p1\"><span class=\"s1\">En plus de la peine de prison :<\/span><\/p>\n<p class=\"p3\"><span class=\"s1\"> \u2022 il devra s\u2019acquitter d\u2019une amende de 5 millions de F CFA,<\/span><\/p>\n<p class=\"p3\"><span class=\"s1\"> \u2022 il est priv\u00e9 de ses droits civiques et politiques pendant 5 ans.<\/span><\/p>\n<p class=\"p1\"><span class=\"s1\">Pas de mandat de d\u00e9p\u00f4t cependant : Soul to Soul reste libre en attendant d\u2019\u00e9ventuels recours. Ses avocats d\u00e9noncent une d\u00e9cision politique et l\u2019absence de preuves formelles de d\u00e9tournement.<\/span><\/p>\n<p class=\"p1\"><span class=\"s1\">Cette condamnation s\u2019ajoute \u00e0 une s\u00e9rie de poursuites visant les proches de Guillaume Soro, en exil depuis 2019 et d\u00e9j\u00e0 condamn\u00e9 \u00e0 20 ans de prison dans une affaire similaire. Soul to Soul avait aussi \u00e9t\u00e9 condamn\u00e9 \u00e0 20 ans en 2021 pour \u00ab atteinte \u00e0 la s\u00fbret\u00e9 de l\u2019\u00c9tat \u00bb, avant d\u2019\u00eatre graci\u00e9 en 2024.<\/span><\/p>\n<p class=\"p1\">www.burkinaonline.net<\/p>\n","protected":false},"excerpt":{"rendered":"<p>Abidjan, 10 juin 2025 \u2013 Le tribunal de premi\u00e8re instance d\u2019Abidjan a condamn\u00e9 ce mardi&#8230;<\/p>\n","protected":false},"author":1,"featured_media":7697,"comment_status":"open","ping_status":"open","sticky":false,"template":"","format":"standard","meta":{"footnotes":""},"categories":[8,18,11],"tags":[],"class_list":["post-7696","post","type-post","status-publish","format-standard","has-post-thumbnail","hentry","category-post","category-international","category-politique"],"_links":{"self":[{"href":"https:\/\/burkinaonline.net\/index.php?rest_route=\/wp\/v2\/posts\/7696","targetHints":{"allow":["GET"]}}],"collection":[{"href":"https:\/\/burkinaonline.net\/index.php?rest_route=\/wp\/v2\/posts"}],"about":[{"href":"https:\/\/burkinaonline.net\/index.php?rest_route=\/wp\/v2\/types\/post"}],"author":[{"embeddable":true,"href":"https:\/\/burkinaonline.net\/index.php?rest_route=\/wp\/v2\/users\/1"}],"replies":[{"embeddable":true,"href":"https:\/\/burkinaonline.net\/index.php?rest_route=%2Fwp%2Fv2%2Fcomments&post=7696"}],"version-history":[{"count":1,"href":"https:\/\/burkinaonline.net\/index.php?rest_route=\/wp\/v2\/posts\/7696\/revisions"}],"predecessor-version":[{"id":7698,"href":"https:\/\/burkinaonline.net\/index.php?rest_route=\/wp\/v2\/posts\/7696\/revisions\/7698"}],"wp:featuredmedia":[{"embeddable":true,"href":"https:\/\/burkinaonline.net\/index.php?rest_route=\/wp\/v2\/media\/7697"}],"wp:attachment":[{"href":"https:\/\/burkinaonline.net\/index.php?rest_route=%2Fwp%2Fv2%2Fmedia&parent=7696"}],"wp:term":[{"taxonomy":"category","embeddable":true,"href":"https:\/\/burkinaonline.net\/index.php?rest_route=%2Fwp%2Fv2%2Fcategories&post=7696"},{"taxonomy":"post_tag","embeddable":true,"href":"https:\/\/burkinaonline.net\/index.php?rest_route=%2Fwp%2Fv2%2Ftags&post=7696"}],"curies":[{"name":"wp","href":"https:\/\/api.w.org\/{rel}","templated":true}]}}