{"id":7700,"date":"2025-06-11T06:29:58","date_gmt":"2025-06-11T06:29:58","guid":{"rendered":"https:\/\/burkinaonline.net\/?p=7700"},"modified":"2025-06-11T06:29:58","modified_gmt":"2025-06-11T06:29:58","slug":"etats-unis-trump-limoge-la-generale-jami-shawley-et-fusionne-le-bureau-afrique-du-conseil-de-securite-avec-celui-du-moyen-orient","status":"publish","type":"post","link":"https:\/\/burkinaonline.net\/?p=7700","title":{"rendered":"\u00c9tats-Unis : Trump limoge la g\u00e9n\u00e9rale Jami Shawley et fusionne le bureau Afrique du Conseil de s\u00e9curit\u00e9 avec celui du Moyen-Orient"},"content":{"rendered":"<p>La Maison-Blanche a r\u00e9cemment proc\u00e9d\u00e9 \u00e0 une r\u00e9organisation majeure au sein du Conseil national de s\u00e9curit\u00e9 (NSC), avec le limogeage de la g\u00e9n\u00e9rale Jami Shawley, qui dirigeait depuis quelques mois le bureau Afrique. Cette d\u00e9cision s\u2019inscrit dans une refonte structurelle qui voit ce bureau fusionn\u00e9 avec celui du Moyen-Orient, sans qu\u2019un nouveau responsable ait encore \u00e9t\u00e9 d\u00e9sign\u00e9.<\/p>\n<p>Nomm\u00e9e en d\u00e9but d\u2019ann\u00e9e 2025, Jami Shawley, ancienne responsable des op\u00e9rations sp\u00e9ciales en Afrique pour l\u2019US Army, incarnait une volont\u00e9 apparente de renforcer la strat\u00e9gie am\u00e9ricaine sur le continent. Sa mise \u00e0 l\u2019\u00e9cart, coupl\u00e9e \u00e0 la disparition du bureau Afrique en tant qu\u2019entit\u00e9 autonome, soul\u00e8ve des interrogations sur la priorit\u00e9 accord\u00e9e \u00e0 l\u2019Afrique dans la politique \u00e9trang\u00e8re de l\u2019administration Biden.<\/p>\n<p>Des sources proches du dossier, cit\u00e9es par la presse am\u00e9ricaine, \u00e9voquent une volont\u00e9 de r\u00e9duction des effectifs au sein du NSC, avec des fusions de directions r\u00e9gionales dans un souci d\u2019efficacit\u00e9 et de rationalisation. Cependant, aucune communication officielle n\u2019a encore pr\u00e9cis\u00e9 qui prendra la t\u00eate du nouveau bureau Afrique\u2013Moyen-Orient.<\/p>\n<p>Cette r\u00e9organisation survient alors que les \u00c9tats-Unis poursuivent une politique ext\u00e9rieure marqu\u00e9e par une retraite progressive en Afrique, illustr\u00e9e par la fermeture de postes diplomatiques dans plusieurs pays et une baisse de l\u2019engagement militaire.<\/p>\n<p>www.burkinaonline.net<\/p>\n","protected":false},"excerpt":{"rendered":"<p>La Maison-Blanche a r\u00e9cemment proc\u00e9d\u00e9 \u00e0 une r\u00e9organisation majeure au sein du Conseil national de&#8230;<\/p>\n","protected":false},"author":1,"featured_media":7701,"comment_status":"open","ping_status":"open","sticky":false,"template":"","format":"standard","meta":{"footnotes":""},"categories":[8,18],"tags":[],"class_list":["post-7700","post","type-post","status-publish","format-standard","has-post-thumbnail","hentry","category-post","category-international"],"_links":{"self":[{"href":"https:\/\/burkinaonline.net\/index.php?rest_route=\/wp\/v2\/posts\/7700","targetHints":{"allow":["GET"]}}],"collection":[{"href":"https:\/\/burkinaonline.net\/index.php?rest_route=\/wp\/v2\/posts"}],"about":[{"href":"https:\/\/burkinaonline.net\/index.php?rest_route=\/wp\/v2\/types\/post"}],"author":[{"embeddable":true,"href":"https:\/\/burkinaonline.net\/index.php?rest_route=\/wp\/v2\/users\/1"}],"replies":[{"embeddable":true,"href":"https:\/\/burkinaonline.net\/index.php?rest_route=%2Fwp%2Fv2%2Fcomments&post=7700"}],"version-history":[{"count":1,"href":"https:\/\/burkinaonline.net\/index.php?rest_route=\/wp\/v2\/posts\/7700\/revisions"}],"predecessor-version":[{"id":7702,"href":"https:\/\/burkinaonline.net\/index.php?rest_route=\/wp\/v2\/posts\/7700\/revisions\/7702"}],"wp:featuredmedia":[{"embeddable":true,"href":"https:\/\/burkinaonline.net\/index.php?rest_route=\/wp\/v2\/media\/7701"}],"wp:attachment":[{"href":"https:\/\/burkinaonline.net\/index.php?rest_route=%2Fwp%2Fv2%2Fmedia&parent=7700"}],"wp:term":[{"taxonomy":"category","embeddable":true,"href":"https:\/\/burkinaonline.net\/index.php?rest_route=%2Fwp%2Fv2%2Fcategories&post=7700"},{"taxonomy":"post_tag","embeddable":true,"href":"https:\/\/burkinaonline.net\/index.php?rest_route=%2Fwp%2Fv2%2Ftags&post=7700"}],"curies":[{"name":"wp","href":"https:\/\/api.w.org\/{rel}","templated":true}]}}