{"id":7716,"date":"2025-06-12T06:00:21","date_gmt":"2025-06-12T06:00:21","guid":{"rendered":"https:\/\/burkinaonline.net\/?p=7716"},"modified":"2025-06-12T06:08:58","modified_gmt":"2025-06-12T06:08:58","slug":"lunion-europeenne-inscrit-la-cote-divoire-sur-sa-liste-des-pays-a-haut-risque-de-financement-du-terr0risme","status":"publish","type":"post","link":"https:\/\/burkinaonline.net\/?p=7716","title":{"rendered":"L\u2019Union europ\u00e9enne inscrit la C\u00f4te d\u2019Ivoire sur sa liste des pays \u00e0 haut risque de financement du terr0risme"},"content":{"rendered":"<p class=\"p1\"><span class=\"s1\">Bruxelles, 10 juin 2025 \u2013 Dans une d\u00e9cision aux r\u00e9percussions diplomatiques et \u00e9conomiques notables, la Commission europ\u00e9enne a officiellement ajout\u00e9 la C\u00f4te d\u2019Ivoire \u00e0 sa liste des juridictions pr\u00e9sentant des carences strat\u00e9giques en mati\u00e8re de lutte contre le blanchi-ment de capitaux et le financement du terr0risme (LCB\/FT).<\/span><\/p>\n<p class=\"p1\"><span class=\"s1\">Une liste europ\u00e9enne tr\u00e8s surveill\u00e9e<\/span><\/p>\n<p class=\"p1\"><span class=\"s1\">Mise \u00e0 jour en coordination avec les crit\u00e8res du Groupe d\u2019action financi\u00e8re (GAFI), cette liste sert \u00e0 alerter les institutions financi\u00e8res europ\u00e9ennes sur les risques li\u00e9s aux pays o\u00f9 les dispositifs de surveillance sont jug\u00e9s insuffisants. En clair, cela signifie que les transactions financi\u00e8res impliquant la C\u00f4te d\u2019Ivoire feront d\u00e9sormais l\u2019objet de contr\u00f4les renforc\u00e9s par les banques et entreprises de l\u2019UE.<\/span><\/p>\n<p class=\"p1\"><span class=\"s1\">Pourquoi la C\u00f4te d\u2019Ivoire ?<\/span><\/p>\n<p class=\"p1\"><span class=\"s1\">La d\u00e9cision de l\u2019UE s\u2019appuie sur une s\u00e9rie d\u2019analyses techniques, d\u2019\u00e9valuations du GAFI et de consultations bilat\u00e9rales. D\u00e9j\u00e0 plac\u00e9e sur la liste grise du GAFI depuis 2023, la C\u00f4te d\u2019Ivoire est consid\u00e9r\u00e9e comme n\u2019ayant pas encore pleinement corrig\u00e9 certaines d\u00e9faillances syst\u00e9miques dans la lutte contre le financement du terrorisme.<\/span><\/p>\n<p class=\"p1\"><span class=\"s1\">Selon la Commission, ces failles incluent :<\/span><\/p>\n<p class=\"p3\"><span class=\"s1\"> \u2022 Une application in\u00e9gale des lois anti-blanchiment ;<\/span><\/p>\n<p class=\"p3\"><span class=\"s1\"> \u2022 Une surveillance encore faible du secteur informel ;<\/span><\/p>\n<p class=\"p3\"><span class=\"s1\"> \u2022 Des flux financiers transfrontaliers non contr\u00f4l\u00e9s, notamment dans le contexte sah\u00e9lien.<\/span><\/p>\n<p class=\"p1\"><span class=\"s2\">\u2696\ufe0f<\/span><span class=\"s1\"> Des efforts internes d\u00e9j\u00e0 engag\u00e9s<\/span><\/p>\n<p class=\"p1\"><span class=\"s1\">Les autorit\u00e9s ivoiriennes ont pourtant multipli\u00e9 les mesures ces derni\u00e8res ann\u00e9es : gel d\u2019avoirs, r\u00e9formes institutionnelles, cr\u00e9ation d\u2019unit\u00e9s sp\u00e9cialis\u00e9es. En ao\u00fbt 2024, 29 individus soup\u00e7onn\u00e9s de liens avec des groupes extr\u00e9-mistes avaient vu leurs comptes bloqu\u00e9s.<\/span><\/p>\n<p class=\"p1\"><span class=\"s1\">Cependant, pour Bruxelles, ces efforts sont jug\u00e9s encore insuffisants, ou mal appliqu\u00e9s.<\/span><\/p>\n<p class=\"p1\"><span class=\"s1\">Quelles cons\u00e9quences pour la C\u00f4te d\u2019Ivoire ?<\/span><\/p>\n<p class=\"p1\"><span class=\"s1\">L\u2019entr\u00e9e sur la liste noire de l\u2019UE n\u2019entra\u00eene pas de sanctions imm\u00e9diates, mais elle freine les investissements, les partenariats \u00e9conomiques et les op\u00e9rations bancaires avec l\u2019Europe.<\/span><\/p>\n<p class=\"p1\"><span class=\"s1\">Les institutions financi\u00e8res europ\u00e9ennes sont d\u00e9sormais tenues de :<\/span><\/p>\n<p class=\"p3\"><span class=\"s1\"> \u2022 Appliquer une vigilance renforc\u00e9e sur toute transaction impliquant un acteur ivoirien ;<\/span><\/p>\n<p class=\"p3\"><span class=\"s1\"> \u2022 Justifier toute collaboration \u00e9conomique dans des secteurs sensibles.<\/span><\/p>\n<p class=\"p3\"><span class=\"s1\">Cela pourrait impacter les banques ivoiriennes, les entreprises exportatrices, mais aussi les ONG ou projets recevant des financements europ\u00e9ens.<\/span><\/p>\n<p class=\"p1\"><span class=\"s1\">Plusieurs pays<span class=\"Apple-converted-space\">\u00a0 <\/span>sous pression<\/span><\/p>\n<p class=\"p1\"><span class=\"s1\">La C\u00f4te d\u2019Ivoire n\u2019est pas seule. L\u2019Alg\u00e9rie, l\u2019Angola, le Kenya, le Liban, le Venezuela ou encore Monaco ont \u00e9galement \u00e9t\u00e9 ajout\u00e9s \u00e0 cette liste. \u00c0 l\u2019inverse, le S\u00e9sn\u00e9gal et les \u00c9mirats arabes unis ont \u00e9t\u00e9 retir\u00e9s, apr\u00e8s des progr\u00e8s notables.<\/span><\/p>\n<p>L\u2019inscription de la C\u00f4te d\u2019Ivoire sur la liste europ\u00e9enne des pays \u00e0 risque ne marque pas une condamnation d\u00e9finitive, mais un appel \u00e0 l\u2019action. Dans un contexte r\u00e9gional fragile, il s\u2019agit moins d\u2019une sanction que d\u2019un test de r\u00e9silience et de cr\u00e9dibilit\u00e9 internationale.<\/p>\n<p>\u00c0 Abidjan d\u00e9sormais de prouver que la confiance se regagne par des actes, pas par des discours.<\/p>\n<p>www.burkinaonline.net<\/p>\n","protected":false},"excerpt":{"rendered":"<p>Bruxelles, 10 juin 2025 \u2013 Dans une d\u00e9cision aux r\u00e9percussions diplomatiques et \u00e9conomiques notables, la&#8230;<\/p>\n","protected":false},"author":1,"featured_media":7717,"comment_status":"open","ping_status":"open","sticky":false,"template":"","format":"standard","meta":{"footnotes":""},"categories":[8,15,18,11],"tags":[],"class_list":["post-7716","post","type-post","status-publish","format-standard","has-post-thumbnail","hentry","category-post","category-economie","category-international","category-politique"],"_links":{"self":[{"href":"https:\/\/burkinaonline.net\/index.php?rest_route=\/wp\/v2\/posts\/7716","targetHints":{"allow":["GET"]}}],"collection":[{"href":"https:\/\/burkinaonline.net\/index.php?rest_route=\/wp\/v2\/posts"}],"about":[{"href":"https:\/\/burkinaonline.net\/index.php?rest_route=\/wp\/v2\/types\/post"}],"author":[{"embeddable":true,"href":"https:\/\/burkinaonline.net\/index.php?rest_route=\/wp\/v2\/users\/1"}],"replies":[{"embeddable":true,"href":"https:\/\/burkinaonline.net\/index.php?rest_route=%2Fwp%2Fv2%2Fcomments&post=7716"}],"version-history":[{"count":2,"href":"https:\/\/burkinaonline.net\/index.php?rest_route=\/wp\/v2\/posts\/7716\/revisions"}],"predecessor-version":[{"id":7719,"href":"https:\/\/burkinaonline.net\/index.php?rest_route=\/wp\/v2\/posts\/7716\/revisions\/7719"}],"wp:featuredmedia":[{"embeddable":true,"href":"https:\/\/burkinaonline.net\/index.php?rest_route=\/wp\/v2\/media\/7717"}],"wp:attachment":[{"href":"https:\/\/burkinaonline.net\/index.php?rest_route=%2Fwp%2Fv2%2Fmedia&parent=7716"}],"wp:term":[{"taxonomy":"category","embeddable":true,"href":"https:\/\/burkinaonline.net\/index.php?rest_route=%2Fwp%2Fv2%2Fcategories&post=7716"},{"taxonomy":"post_tag","embeddable":true,"href":"https:\/\/burkinaonline.net\/index.php?rest_route=%2Fwp%2Fv2%2Ftags&post=7716"}],"curies":[{"name":"wp","href":"https:\/\/api.w.org\/{rel}","templated":true}]}}