{"id":7721,"date":"2025-06-12T15:12:52","date_gmt":"2025-06-12T15:12:52","guid":{"rendered":"https:\/\/burkinaonline.net\/?p=7721"},"modified":"2025-06-12T15:22:01","modified_gmt":"2025-06-12T15:22:01","slug":"mali-le-rappeur-lord-makhaveli-lynche-a-mort-apres-une-altercation-dans-un-restaurant","status":"publish","type":"post","link":"https:\/\/burkinaonline.net\/?p=7721","title":{"rendered":"Mali : le rappeur Lord Makhaveli lynch\u00e9 \u00e0 mort apr\u00e8s une altercation dans un restaurant"},"content":{"rendered":"<p>Bamako \u2014 Une vive \u00e9motion secoue le Mali apr\u00e8s l\u2019annonce de la mort tragique du jeune rappeur Lord Makhaveli, lynch\u00e9 par des habitants d\u2019un quartier \u00e0 la suite d\u2019un diff\u00e9rend dans un restaurant. Les faits, encore flous et largement rapport\u00e9s au conditionnel, suscitent une onde de choc sur les r\u00e9seaux sociaux.<\/p>\n<p>Selon plusieurs t\u00e9moignages, l\u2019incident aurait d\u00e9but\u00e9 lorsqu\u2019il a command\u00e9 un p\u00e2t\u00e9 sans oignon dans un restaurant. De retour chez lui, il aurait constat\u00e9 la pr\u00e9sence d\u2019oignons dans sa commande, ce qui l\u2019aurait pouss\u00e9 \u00e0 retourner sur place pour r\u00e9clamer.<\/p>\n<p>Une vive altercation aurait \u00e9clat\u00e9 avec la serveuse. Dans la confusion, Lord Makhaveli aurait ( toujours selon des sources divergentes) \u00a0fonc\u00e9 sur la femme en voiture, ou bien ce serait un ami \u00e0 lui qui l\u2019aurait fait. La serveuse aurait \u00e9t\u00e9 bless\u00e9e, notamment \u00e0 la jambe.<\/p>\n<p class=\"p1\"><span class=\"s1\">\u00a0Formation exclusive en Intelligence Artificielle \u00e0 Ouagadougou \u2013 Samedi 14 juin 2025 ! Ne ratez pas cette occasion unique de vous former aux technologies d\u2019avenir. Plus d\u2019info avec ce lien : https:\/\/www.facebook.com\/share\/v\/19WDk5nXeM\/?mibextid=wwXIfr<\/span><\/p>\n<p>En r\u00e9action \u00e0 cette agression pr\u00e9sum\u00e9e, des jeunes du quartier se seraient acharn\u00e9s sur Lord Makhaveli, allant jusqu\u2019\u00e0 le lyncher \u00e0 mort. Les circonstances exactes de sa mort ne sont pas encore officiellement confirm\u00e9es, et plusieurs versions contradictoires circulent.<\/p>\n<p>Un drame qui relance le d\u00e9bat sur la violence et la justice populaire<\/p>\n<p>Ce drame met en lumi\u00e8re la mont\u00e9e des lynchages populaires, dans un climat de tensions sociales et d\u2019impunit\u00e9. La mort de Lord Makhaveli, figure montante du rap malien, soul\u00e8ve aussi des questions sur la mani\u00e8re dont de simples diff\u00e9rends peuvent d\u00e9g\u00e9n\u00e9rer en trag\u00e9die.<\/p>\n<p>\u00c0 ce jour, aucune d\u00e9claration officielle des autorit\u00e9s n\u2019a \u00e9t\u00e9 faite. Une enqu\u00eate ind\u00e9pendante serait n\u00e9cessaire pour faire toute la lumi\u00e8re sur les faits.<\/p>\n<p>www.burkinaonline.net<\/p>\n<p>&nbsp;<\/p>\n","protected":false},"excerpt":{"rendered":"<p>Bamako \u2014 Une vive \u00e9motion secoue le Mali apr\u00e8s l\u2019annonce de la mort tragique du&#8230;<\/p>\n","protected":false},"author":1,"featured_media":7722,"comment_status":"open","ping_status":"open","sticky":false,"template":"","format":"standard","meta":{"footnotes":""},"categories":[8,30,18,13],"tags":[],"class_list":["post-7721","post","type-post","status-publish","format-standard","has-post-thumbnail","hentry","category-post","category-aes","category-international","category-societe"],"_links":{"self":[{"href":"https:\/\/burkinaonline.net\/index.php?rest_route=\/wp\/v2\/posts\/7721","targetHints":{"allow":["GET"]}}],"collection":[{"href":"https:\/\/burkinaonline.net\/index.php?rest_route=\/wp\/v2\/posts"}],"about":[{"href":"https:\/\/burkinaonline.net\/index.php?rest_route=\/wp\/v2\/types\/post"}],"author":[{"embeddable":true,"href":"https:\/\/burkinaonline.net\/index.php?rest_route=\/wp\/v2\/users\/1"}],"replies":[{"embeddable":true,"href":"https:\/\/burkinaonline.net\/index.php?rest_route=%2Fwp%2Fv2%2Fcomments&post=7721"}],"version-history":[{"count":4,"href":"https:\/\/burkinaonline.net\/index.php?rest_route=\/wp\/v2\/posts\/7721\/revisions"}],"predecessor-version":[{"id":7726,"href":"https:\/\/burkinaonline.net\/index.php?rest_route=\/wp\/v2\/posts\/7721\/revisions\/7726"}],"wp:featuredmedia":[{"embeddable":true,"href":"https:\/\/burkinaonline.net\/index.php?rest_route=\/wp\/v2\/media\/7722"}],"wp:attachment":[{"href":"https:\/\/burkinaonline.net\/index.php?rest_route=%2Fwp%2Fv2%2Fmedia&parent=7721"}],"wp:term":[{"taxonomy":"category","embeddable":true,"href":"https:\/\/burkinaonline.net\/index.php?rest_route=%2Fwp%2Fv2%2Fcategories&post=7721"},{"taxonomy":"post_tag","embeddable":true,"href":"https:\/\/burkinaonline.net\/index.php?rest_route=%2Fwp%2Fv2%2Ftags&post=7721"}],"curies":[{"name":"wp","href":"https:\/\/api.w.org\/{rel}","templated":true}]}}