{"id":7730,"date":"2025-06-13T06:10:36","date_gmt":"2025-06-13T06:10:36","guid":{"rendered":"https:\/\/burkinaonline.net\/?p=7730"},"modified":"2025-06-13T06:18:36","modified_gmt":"2025-06-13T06:18:36","slug":"israel-frappe-liran-qui-prepare-sa-riposte-vers-une-escalade-majeure","status":"publish","type":"post","link":"https:\/\/burkinaonline.net\/?p=7730","title":{"rendered":"Isra\u00ebl frappe l\u2019Iran, qui pr\u00e9pare sa riposte : vers une escalade majeure ?"},"content":{"rendered":"<p class=\"p1\"><span class=\"s1\">Dans la nuit du 12 au 13 juin 2025, Isra\u00ebl a lanc\u00e9 une vaste op\u00e9ration militaire contre plusieurs sites strat\u00e9giques en Iran, marquant une nouvelle escalade dans les tensions entre les deux puissances ennemies. Cette attaque, baptis\u00e9e \u00ab\u202fOperation Rising Lion\u202f\u00bb, a cibl\u00e9 \u00e0 la fois des installations nucl\u00e9aires, des infrastructures militaires et des centres de commandement \u00e0 travers le pays.<\/span><\/p>\n<p class=\"p1\"><span class=\"s1\">Des frappes cibl\u00e9es et meurtri\u00e8res<\/span><\/p>\n<p class=\"p1\"><span class=\"s1\">Les frappes ont \u00e9t\u00e9 men\u00e9es par plus de 200 avions de chasse isra\u00e9liens, qui ont frapp\u00e9 des villes comme T\u00e9h\u00e9ran, Ispahan et Natanz, \u00a0un site cl\u00e9 du programme nucl\u00e9aire iranien. L\u2019un des objectifs les plus marquants : l\u2019\u00e9limination du g\u00e9n\u00e9ral Hossein Salami, chef des Gardiens de la R\u00e9volution islamique, tu\u00e9 dans l\u2019attaque avec d\u2019autres hauts grad\u00e9s et scientifiques nucl\u00e9aires.<\/span><\/p>\n<p class=\"p1\"><span class=\"s1\">Des vid\u00e9os circulant sur les r\u00e9seaux sociaux montrent des explosions massives, des panaches de fum\u00e9e et la panique dans les rues de la capitale iranienne. L\u2019espace a\u00e9rien a \u00e9t\u00e9 imm\u00e9diatement ferm\u00e9, et des coupures d\u2019\u00e9lectricit\u00e9 ont \u00e9t\u00e9 signal\u00e9es dans plusieurs zones.<\/span><\/p>\n<p class=\"p1\"><span class=\"s1\">La riposte iranienne en pr\u00e9paration<\/span><\/p>\n<p class=\"p1\"><span class=\"s1\">Quelques heures apr\u00e8s l\u2019attaque, T\u00e9h\u00e9ran a confirm\u00e9 avoir perdu plusieurs figures cl\u00e9s et a promis une riposte \u00ab\u202fdure et douloureuse\u202f\u00bb. Plus de 100 drones iraniens ont \u00e9t\u00e9 lanc\u00e9s en direction du territoire isra\u00e9lien en repr\u00e9sailles imm\u00e9diates. Selon des sources proches du pouvoir iranien, cette attaque n\u2019est que le d\u00e9but d\u2019une r\u00e9ponse plus large.<\/span><\/p>\n<p class=\"p1\"><span class=\"s1\">L\u2019Iran a \u00e9galement mobilis\u00e9 ses forces \u00e0 la fronti\u00e8re irakienne et activ\u00e9 ses alli\u00e9s r\u00e9gionaux, notamment le Hezbollah et les milices chiites, en vue d\u2019une r\u00e9ponse coordonn\u00e9e.<\/span><\/p>\n<p class=\"p1\"><span class=\"s1\">Une op\u00e9ration sans les \u00c9tats-Unis<\/span><\/p>\n<p class=\"p1\"><span class=\"s1\">Fait notable : les \u00c9tats-Unis, habituellement alli\u00e9s proches d\u2019Isra\u00ebl, ont affirm\u00e9 ne pas avoir particip\u00e9 \u00e0 l\u2019op\u00e9ration, bien qu\u2019ils aient \u00e9t\u00e9 inform\u00e9s \u00e0 l\u2019avance. Le pr\u00e9sident am\u00e9ricain a convoqu\u00e9 une r\u00e9union d\u2019urgence du Conseil national de s\u00e9curit\u00e9 et appel\u00e9 \u00e0 \u00ab\u202f\u00e9viter une escalade incontr\u00f4lable au Moyen-Orient\u202f\u00bb.<\/span><\/p>\n<p class=\"p1\"><span class=\"s1\">Washington tente de calmer le jeu, d\u2019autant plus que les discussions diplomatiques sur le nucl\u00e9aire iranien, relanc\u00e9es r\u00e9cemment \u00e0 Oman, \u00e9taient d\u00e9j\u00e0 dans une impasse.<\/span><\/p>\n<p class=\"p1\"><span class=\"s1\">Vague de choc internationale<\/span><\/p>\n<p class=\"p1\"><span class=\"s1\">La communaut\u00e9 internationale a r\u00e9agi avec inqui\u00e9tude. L\u2019Australie, l\u2019Allemagne, la Russie et la Chine ont exprim\u00e9 leur pr\u00e9occupation face \u00e0 une potentielle guerre ouverte dans la r\u00e9gion. L\u2019Agence internationale de l\u2019\u00e9nergie atomique (AIEA), de son c\u00f4t\u00e9, a confirm\u00e9 que les installations nucl\u00e9aires touch\u00e9es ne pr\u00e9sentaient pour l\u2019instant aucun risque de fuite radioactive.<\/span><\/p>\n<p class=\"p1\"><span class=\"s1\">Sur les march\u00e9s, la tension s\u2019est traduite par une hausse brutale du prix du p\u00e9trole (+9\u202f%) et de l\u2019or, tandis que plusieurs compagnies a\u00e9riennes ont suspendu leurs vols au-dessus du Moyen-Orient.<\/span><\/p>\n<p class=\"p1\"><span class=\"s1\">Un tournant strat\u00e9gique<\/span><\/p>\n<p class=\"p1\"><span class=\"s1\">Cette op\u00e9ration militaire isra\u00e9lienne est sans pr\u00e9c\u00e9dent depuis des ann\u00e9es. Elle marque un changement de doctrine : frapper fort, \u00e9liminer les d\u00e9cideurs, et affaiblir durablement les capacit\u00e9s nucl\u00e9aires de l\u2019Iran. Mais elle pourrait aussi ouvrir la voie \u00e0 une guerre r\u00e9gionale g\u00e9n\u00e9ralis\u00e9e, impliquant le Liban, la Syrie, l\u2019Irak et au-del\u00e0.<\/span><\/p>\n<p class=\"p1\"><span class=\"s1\">Dans les heures qui viennent, le monde entier aura les yeux riv\u00e9s sur la r\u00e9ponse iranienne. Car d\u00e9sormais, plus rien ne garantit que cette confrontation restera contenue \u00e0 des frappes cibl\u00e9es.<\/span><\/p>\n<p>www.burkinaonline.net<\/p>\n","protected":false},"excerpt":{"rendered":"<p>Dans la nuit du 12 au 13 juin 2025, Isra\u00ebl a lanc\u00e9 une vaste op\u00e9ration&#8230;<\/p>\n","protected":false},"author":1,"featured_media":7731,"comment_status":"open","ping_status":"open","sticky":false,"template":"","format":"standard","meta":{"footnotes":""},"categories":[8,18],"tags":[],"class_list":["post-7730","post","type-post","status-publish","format-standard","has-post-thumbnail","hentry","category-post","category-international"],"_links":{"self":[{"href":"https:\/\/burkinaonline.net\/index.php?rest_route=\/wp\/v2\/posts\/7730","targetHints":{"allow":["GET"]}}],"collection":[{"href":"https:\/\/burkinaonline.net\/index.php?rest_route=\/wp\/v2\/posts"}],"about":[{"href":"https:\/\/burkinaonline.net\/index.php?rest_route=\/wp\/v2\/types\/post"}],"author":[{"embeddable":true,"href":"https:\/\/burkinaonline.net\/index.php?rest_route=\/wp\/v2\/users\/1"}],"replies":[{"embeddable":true,"href":"https:\/\/burkinaonline.net\/index.php?rest_route=%2Fwp%2Fv2%2Fcomments&post=7730"}],"version-history":[{"count":2,"href":"https:\/\/burkinaonline.net\/index.php?rest_route=\/wp\/v2\/posts\/7730\/revisions"}],"predecessor-version":[{"id":7733,"href":"https:\/\/burkinaonline.net\/index.php?rest_route=\/wp\/v2\/posts\/7730\/revisions\/7733"}],"wp:featuredmedia":[{"embeddable":true,"href":"https:\/\/burkinaonline.net\/index.php?rest_route=\/wp\/v2\/media\/7731"}],"wp:attachment":[{"href":"https:\/\/burkinaonline.net\/index.php?rest_route=%2Fwp%2Fv2%2Fmedia&parent=7730"}],"wp:term":[{"taxonomy":"category","embeddable":true,"href":"https:\/\/burkinaonline.net\/index.php?rest_route=%2Fwp%2Fv2%2Fcategories&post=7730"},{"taxonomy":"post_tag","embeddable":true,"href":"https:\/\/burkinaonline.net\/index.php?rest_route=%2Fwp%2Fv2%2Ftags&post=7730"}],"curies":[{"name":"wp","href":"https:\/\/api.w.org\/{rel}","templated":true}]}}