{"id":7734,"date":"2025-06-13T16:52:26","date_gmt":"2025-06-13T16:52:26","guid":{"rendered":"https:\/\/burkinaonline.net\/?p=7734"},"modified":"2025-06-13T16:52:26","modified_gmt":"2025-06-13T16:52:26","slug":"fama-double-victoire-face-aux-terroristes-dans-la-region-daguelhoc","status":"publish","type":"post","link":"https:\/\/burkinaonline.net\/?p=7734","title":{"rendered":"FAMa : double victoire face aux terroristes dans la r\u00e9gion d\u2019Aguelhoc"},"content":{"rendered":"<p>Les Forces Arm\u00e9es Maliennes (FAMa) ont men\u00e9 avec succ\u00e8s deux op\u00e9rations coup sur coup contre des groupes arm\u00e9s terroristes, les 12 et 13 juin 2025, dans le nord du pays.<\/p>\n<p>Tout a commenc\u00e9 lors d\u2019une mission d\u2019escorte logistique entre Anefis et Aguelhoc. Les FAMa ont lanc\u00e9 une offensive contre un groupe retranch\u00e9 \u00e0 Anomalam, \u00e0 une quarantaine de kilom\u00e8tres au nord d\u2019Aguelhoc. Sous le commandement du capitaine d\u00e9serteur Issouf Ag Bouchara, la cellule terroriste a \u00e9t\u00e9 violemment repouss\u00e9e. Dix combattants ennemis ont \u00e9t\u00e9 neutralis\u00e9s lors de cette op\u00e9ration men\u00e9e avec efficacit\u00e9.<\/p>\n<p>\u00c0 l\u2019aube du 13 juin, alors que le m\u00eame convoi reprenait sa route, une nouvelle embuscade a \u00e9t\u00e9 tendue dans la m\u00eame zone. Mais cette fois encore, les FAMa ont r\u00e9agi avec une riposte foudroyante, appuy\u00e9e par des moyens a\u00e9riens. R\u00e9sultat : plusieurs v\u00e9hicules ennemis d\u00e9truits, et de lourdes pertes inflig\u00e9es aux terroristes.<\/p>\n<p>\ud83d\udd12 Bilan : deux d\u00e9faites inflig\u00e9es \u00e0 l\u2019ennemi en moins de 24 heures.<\/p>\n<p>\ud83c\udfaf Objectif atteint : convoi s\u00e9curis\u00e9, progression vers Aguelhoc assur\u00e9e.<\/p>\n<p>L\u2019\u00c9tat-Major G\u00e9n\u00e9ral des Arm\u00e9es a salu\u00e9 le courage, le professionnalisme et la r\u00e9silience des soldats engag\u00e9s. Leur engagement sans faille incarne la force d\u2019une arm\u00e9e unie, disciplin\u00e9e et d\u00e9termin\u00e9e.<\/p>\n<p>www.burkinaonline.net<\/p>\n","protected":false},"excerpt":{"rendered":"<p>Les Forces Arm\u00e9es Maliennes (FAMa) ont men\u00e9 avec succ\u00e8s deux op\u00e9rations coup sur coup contre&#8230;<\/p>\n","protected":false},"author":1,"featured_media":7735,"comment_status":"open","ping_status":"open","sticky":false,"template":"","format":"standard","meta":{"footnotes":""},"categories":[8,30,12],"tags":[],"class_list":["post-7734","post","type-post","status-publish","format-standard","has-post-thumbnail","hentry","category-post","category-aes","category-terrorisme"],"_links":{"self":[{"href":"https:\/\/burkinaonline.net\/index.php?rest_route=\/wp\/v2\/posts\/7734","targetHints":{"allow":["GET"]}}],"collection":[{"href":"https:\/\/burkinaonline.net\/index.php?rest_route=\/wp\/v2\/posts"}],"about":[{"href":"https:\/\/burkinaonline.net\/index.php?rest_route=\/wp\/v2\/types\/post"}],"author":[{"embeddable":true,"href":"https:\/\/burkinaonline.net\/index.php?rest_route=\/wp\/v2\/users\/1"}],"replies":[{"embeddable":true,"href":"https:\/\/burkinaonline.net\/index.php?rest_route=%2Fwp%2Fv2%2Fcomments&post=7734"}],"version-history":[{"count":1,"href":"https:\/\/burkinaonline.net\/index.php?rest_route=\/wp\/v2\/posts\/7734\/revisions"}],"predecessor-version":[{"id":7736,"href":"https:\/\/burkinaonline.net\/index.php?rest_route=\/wp\/v2\/posts\/7734\/revisions\/7736"}],"wp:featuredmedia":[{"embeddable":true,"href":"https:\/\/burkinaonline.net\/index.php?rest_route=\/wp\/v2\/media\/7735"}],"wp:attachment":[{"href":"https:\/\/burkinaonline.net\/index.php?rest_route=%2Fwp%2Fv2%2Fmedia&parent=7734"}],"wp:term":[{"taxonomy":"category","embeddable":true,"href":"https:\/\/burkinaonline.net\/index.php?rest_route=%2Fwp%2Fv2%2Fcategories&post=7734"},{"taxonomy":"post_tag","embeddable":true,"href":"https:\/\/burkinaonline.net\/index.php?rest_route=%2Fwp%2Fv2%2Ftags&post=7734"}],"curies":[{"name":"wp","href":"https:\/\/api.w.org\/{rel}","templated":true}]}}