{"id":7740,"date":"2025-06-14T18:32:01","date_gmt":"2025-06-14T18:32:01","guid":{"rendered":"https:\/\/burkinaonline.net\/?p=7740"},"modified":"2025-06-14T18:58:49","modified_gmt":"2025-06-14T18:58:49","slug":"passe-darmes-entre-deux-personnalites-publiques-adama-siguire-et-lamine-traore-croisent-le-fer-par-medias-sociaux-interposes","status":"publish","type":"post","link":"https:\/\/burkinaonline.net\/?p=7740","title":{"rendered":"Passe d\u2019armes entre deux personnalit\u00e9s publiques : Adama Siguir\u00e9 et Lamine Traor\u00e9 croisent le fer par m\u00e9dias sociaux  interpos\u00e9s."},"content":{"rendered":"<p>Une vive controverse oppose actuellement deux figures du d\u00e9bat public burkinab\u00e8 : l\u2019\u00e9crivain et consultant Adama Amad\u00e9 Siguir\u00e9 et le journaliste Lamine Traor\u00e9. L\u2019origine de cette tension remonte \u00e0 une tribune virulente publi\u00e9e le 12 juin 2025 par Adama Siguir\u00e9, dans laquelle il s\u2019en prend au journal Jeune Afrique.<\/p>\n<p>Dans ce texte intitul\u00e9 \u00ab Aucun journaliste de Jeune Afrique n\u2019ira au paradis \u00bb, Siguir\u00e9 r\u00e9agit \u00e0 un article du m\u00e9dia panafricain intitul\u00e9 : \u00ab Recrut\u00e9s par la propagande pro-Ibrahim Traor\u00e9, ils se retrouvent \u00e0 travailler dans les mines d\u2019or ill\u00e9gales \u00bb. L\u2019\u00e9crivain d\u00e9nonce ce qu\u2019il consid\u00e8re comme une campagne de d\u00e9sinformation et une attaque injuste contre le Burkina Faso et ses soutiens. Il remet en question l\u2019objectivit\u00e9 des journalistes de Jeune Afrique, qu\u2019il accuse de mentir et de manipuler l\u2019opinion publique :<\/p>\n<p>\u00ab Le journalisme est mort. L\u2019information neutre n\u2019existe plus. [\u2026] Ces gens-l\u00e0 mentent, ils manipulent l\u2019information. \u00bb<\/p>\n<p>Dans un ton radical, Siguir\u00e9 revendique une posture assum\u00e9e de confrontation, allant jusqu\u2019\u00e0 affirmer que seuls ceux capables de faire le mal peuvent survivre dans le monde actuel. Un discours qui a suscit\u00e9 de vives r\u00e9actions, notamment apr\u00e8s avoir \u00e9t\u00e9 relay\u00e9 par le journaliste Lamine Traor\u00e9 sur Burkina Yawana, suivie par des milliers d\u2019internautes.<\/p>\n<p>C\u2019est justement cette reprise qui a mis le feu aux poudres. Adama Siguir\u00e9 a accus\u00e9 le journaliste de favoriser les insultes et les commentaires haineux \u00e0 son encontre en diffusant ses propos. Il y voit une campagne d\u00e9guis\u00e9e de d\u00e9nigrement personnel.<\/p>\n<p>Face \u00e0 ces accusations, Lamine Traor\u00e9 est sorti de son silence. Dans une r\u00e9ponse pos\u00e9e mais ferme, il d\u00e9clare n\u2019avoir \u00ab aucune haine personnelle \u00bb envers Siguir\u00e9. Il rappelle que ce dernier, d\u00e9sormais membre de la Commission nationale de la Conf\u00e9d\u00e9ration des \u00c9tats du Sahel, est une personnalit\u00e9 publique, et que ses prises de position int\u00e9ressent donc l\u00e9gitimement les m\u00e9dias.<\/p>\n<p>\u00ab Je ne fais que relayer ses propos sans plus ni moins. [\u2026] Les r\u00e9actions des gens, pour ou contre, je n\u2019y peux vraiment pas grand-chose. \u00bb<\/p>\n<p>Traor\u00e9 pr\u00e9cise par ailleurs qu\u2019il mod\u00e8re les commentaires sur sa page, surtout depuis une pr\u00e9c\u00e9dente audition devant le Conseil sup\u00e9rieur de la communication (CSC), et qu\u2019il s\u2019efforce de rester dans les limites de l\u2019\u00e9thique journalistique.<\/p>\n<p>Cet \u00e9change r\u00e9v\u00e8le plus qu\u2019un simple malentendu : il met en lumi\u00e8re une fracture entre deux visions de l\u2019engagement public. D\u2019un c\u00f4t\u00e9, une parole revendicative, tranchante et militante ; de l\u2019autre, un journalisme de relais, qui d\u00e9fend son r\u00f4le de m\u00e9diateur de l\u2019opinion sans en assumer les cons\u00e9quences \u00e9motionnelles.<\/p>\n<p>Ce d\u00e9bat, au-del\u00e0 des personnes, soul\u00e8ve des questions fondamentales sur les rapports entre m\u00e9dias, figures publiques et espace num\u00e9rique au Burkina Faso. Jusqu\u2019o\u00f9 peut aller la libert\u00e9 d\u2019expression ? Qui est responsable des r\u00e9actions qu\u2019elle suscite ? Et \u00e0 partir de quand la critique devient-elle attaque ?<\/p>\n<p>\u00c0 l\u2019\u00e8re des r\u00e9seaux sociaux, o\u00f9 chaque mot peut devenir viral, la fronti\u00e8re entre tribune, provocation et discours de haine reste plus fine que jamais.<\/p>\n<p>www.burkinaonline.net<\/p>\n","protected":false},"excerpt":{"rendered":"<p>Une vive controverse oppose actuellement deux figures du d\u00e9bat public burkinab\u00e8 : l\u2019\u00e9crivain et consultant&#8230;<\/p>\n","protected":false},"author":1,"featured_media":7743,"comment_status":"open","ping_status":"open","sticky":false,"template":"","format":"standard","meta":{"footnotes":""},"categories":[8,10,1,13],"tags":[],"class_list":["post-7740","post","type-post","status-publish","format-standard","has-post-thumbnail","hentry","category-post","category-burkina-faso","category-non-classe","category-societe"],"_links":{"self":[{"href":"https:\/\/burkinaonline.net\/index.php?rest_route=\/wp\/v2\/posts\/7740","targetHints":{"allow":["GET"]}}],"collection":[{"href":"https:\/\/burkinaonline.net\/index.php?rest_route=\/wp\/v2\/posts"}],"about":[{"href":"https:\/\/burkinaonline.net\/index.php?rest_route=\/wp\/v2\/types\/post"}],"author":[{"embeddable":true,"href":"https:\/\/burkinaonline.net\/index.php?rest_route=\/wp\/v2\/users\/1"}],"replies":[{"embeddable":true,"href":"https:\/\/burkinaonline.net\/index.php?rest_route=%2Fwp%2Fv2%2Fcomments&post=7740"}],"version-history":[{"count":4,"href":"https:\/\/burkinaonline.net\/index.php?rest_route=\/wp\/v2\/posts\/7740\/revisions"}],"predecessor-version":[{"id":7746,"href":"https:\/\/burkinaonline.net\/index.php?rest_route=\/wp\/v2\/posts\/7740\/revisions\/7746"}],"wp:featuredmedia":[{"embeddable":true,"href":"https:\/\/burkinaonline.net\/index.php?rest_route=\/wp\/v2\/media\/7743"}],"wp:attachment":[{"href":"https:\/\/burkinaonline.net\/index.php?rest_route=%2Fwp%2Fv2%2Fmedia&parent=7740"}],"wp:term":[{"taxonomy":"category","embeddable":true,"href":"https:\/\/burkinaonline.net\/index.php?rest_route=%2Fwp%2Fv2%2Fcategories&post=7740"},{"taxonomy":"post_tag","embeddable":true,"href":"https:\/\/burkinaonline.net\/index.php?rest_route=%2Fwp%2Fv2%2Ftags&post=7740"}],"curies":[{"name":"wp","href":"https:\/\/api.w.org\/{rel}","templated":true}]}}