{"id":7759,"date":"2025-06-16T14:32:25","date_gmt":"2025-06-16T14:32:25","guid":{"rendered":"https:\/\/burkinaonline.net\/?p=7759"},"modified":"2025-06-16T14:41:24","modified_gmt":"2025-06-16T14:41:24","slug":"tiken-jah-facoly-soppose-a-une-nouvelle-candidature-dalassane-ouattara","status":"publish","type":"post","link":"https:\/\/burkinaonline.net\/?p=7759","title":{"rendered":"Tiken Jah Fakoly s\u2019oppose \u00e0 une nouvelle candidature d\u2019Alassane Ouattara"},"content":{"rendered":"<p>Abidjan, 16 juin 2025 \u2013 Dans une d\u00e9claration vid\u00e9o largement partag\u00e9e sur les r\u00e9seaux sociaux, l\u2019artiste ivoirien engag\u00e9 Tiken Jah Fakoly est sorti de son silence pour d\u00e9noncer la situation politique actuelle en C\u00f4te d\u2019Ivoire, en particulier la perspective d\u2019une nouvelle candidature du pr\u00e9sident Alassane Ouattara \u00e0 l\u2019\u00e9lection de 2025.<\/p>\n<p>Dans un ton grave et sans ambages, Tiken Jah a exprim\u00e9 son inqui\u00e9tude face \u00e0 l\u2019exclusion de plusieurs figures majeures de l\u2019opposition de la liste \u00e9lectorale. \u00ab\u202fNous sommes plusieurs Ivoiriens \u00e0 \u00eatre tristes. Je fais cette vid\u00e9o pour dire que je comprends la frustration de l\u2019opposition ivoirienne\u202f\u00bb, a-t-il d\u00e9clar\u00e9. L\u2019artiste reggae, connu pour ses positions tranch\u00e9es en faveur de la d\u00e9mocratie et de l\u2019alternance, a invit\u00e9 les autorit\u00e9s \u00e0 faire preuve de responsabilit\u00e9 afin d\u2019\u00e9viter une nouvelle crise.<\/p>\n<p>Un appel \u00e0 la raison et au renouveau<\/p>\n<p>L\u2019auteur de \u201cLe pays va mal\u201d a \u00e9galement appel\u00e9 \u00e0 un renouvellement de la classe politique, sugg\u00e9rant que le moment est venu pour le pr\u00e9sident Ouattara de passer la main. Bien que ce dernier n\u2019ait pas officiellement annonc\u00e9 sa candidature, des signaux politiques r\u00e9cents laissent entendre qu\u2019il pourrait briguer un nouveau mandat, ce qui suscite des tensions dans le pays.<\/p>\n<p>\u00ab\u202fIl faut \u00e9viter les erreurs du pass\u00e9. L\u2019histoire r\u00e9cente nous a suffisamment appris que les candidatures de trop ne servent ni la paix ni la d\u00e9mocratie\u202f\u00bb, a martel\u00e9 Tiken Jah. Il en a profit\u00e9 pour rappeler ses pr\u00e9c\u00e9dentes prises de position, notamment son c\u00e9l\u00e8bre slogan : \u201cNi Gbagbo, ni B\u00e9di\u00e9, ni Ouattara\u201d, en appelant \u00e0 une nouvelle g\u00e9n\u00e9ration de leaders.<\/p>\n<p>Une voix artistique devenue conscience politique<\/p>\n<p>Tr\u00e8s \u00e9cout\u00e9 au-del\u00e0 de la sph\u00e8re musicale, Tiken Jah continue d\u2019incarner une forme de contre-pouvoir citoyen. En juin 2025, alors que la C\u00f4te d\u2019Ivoire entre dans une phase pr\u00e9-\u00e9lectorale d\u00e9licate, sa voix r\u00e9sonne comme un appel \u00e0 la sagesse et \u00e0 la retenue. \u00c0 travers ce message, il s\u2019adresse autant aux dirigeants qu\u2019aux jeunes g\u00e9n\u00e9rations, pour \u00e9viter que le pays ne retombe dans les travers du pass\u00e9.<br \/>\nwww.burkinaonline.net<\/p>\n","protected":false},"excerpt":{"rendered":"<p>Abidjan, 16 juin 2025 \u2013 Dans une d\u00e9claration vid\u00e9o largement partag\u00e9e sur les r\u00e9seaux sociaux,&#8230;<\/p>\n","protected":false},"author":1,"featured_media":0,"comment_status":"open","ping_status":"open","sticky":false,"template":"","format":"standard","meta":{"footnotes":""},"categories":[1],"tags":[],"class_list":["post-7759","post","type-post","status-publish","format-standard","hentry","category-non-classe"],"_links":{"self":[{"href":"https:\/\/burkinaonline.net\/index.php?rest_route=\/wp\/v2\/posts\/7759","targetHints":{"allow":["GET"]}}],"collection":[{"href":"https:\/\/burkinaonline.net\/index.php?rest_route=\/wp\/v2\/posts"}],"about":[{"href":"https:\/\/burkinaonline.net\/index.php?rest_route=\/wp\/v2\/types\/post"}],"author":[{"embeddable":true,"href":"https:\/\/burkinaonline.net\/index.php?rest_route=\/wp\/v2\/users\/1"}],"replies":[{"embeddable":true,"href":"https:\/\/burkinaonline.net\/index.php?rest_route=%2Fwp%2Fv2%2Fcomments&post=7759"}],"version-history":[{"count":3,"href":"https:\/\/burkinaonline.net\/index.php?rest_route=\/wp\/v2\/posts\/7759\/revisions"}],"predecessor-version":[{"id":7765,"href":"https:\/\/burkinaonline.net\/index.php?rest_route=\/wp\/v2\/posts\/7759\/revisions\/7765"}],"wp:attachment":[{"href":"https:\/\/burkinaonline.net\/index.php?rest_route=%2Fwp%2Fv2%2Fmedia&parent=7759"}],"wp:term":[{"taxonomy":"category","embeddable":true,"href":"https:\/\/burkinaonline.net\/index.php?rest_route=%2Fwp%2Fv2%2Fcategories&post=7759"},{"taxonomy":"post_tag","embeddable":true,"href":"https:\/\/burkinaonline.net\/index.php?rest_route=%2Fwp%2Fv2%2Ftags&post=7759"}],"curies":[{"name":"wp","href":"https:\/\/api.w.org\/{rel}","templated":true}]}}