{"id":7775,"date":"2025-06-16T17:34:28","date_gmt":"2025-06-16T17:34:28","guid":{"rendered":"https:\/\/burkinaonline.net\/?p=7775"},"modified":"2025-06-16T17:34:28","modified_gmt":"2025-06-16T17:34:28","slug":"il-faut-quon-reforme-le-systeme-bancaire-a-declare-le-capitaine-ibrahim-traore-a-po-vers-une-monnaie-souveraine-pour-laes","status":"publish","type":"post","link":"https:\/\/burkinaonline.net\/?p=7775","title":{"rendered":"\u00ab Il faut qu\u2019on r\u00e9forme le syst\u00e8me bancaire \u00bb, a d\u00e9clar\u00e9 le capitaine Ibrahim Traor\u00e9 \u00e0 P\u00f4: vers une monnaie souveraine pour l\u2019AES."},"content":{"rendered":"<p class=\"p1\">Le 14 juin 2025 \u00e0 P\u00f4, le pr\u00e9sident du Faso, le capitaine Ibrahim Traor\u00e9, a prononc\u00e9 un discours remarqu\u00e9, dans lequel il a \u00e9voqu\u00e9 plusieurs probl\u00e9matiques de d\u00e9veloppement, dont celle de la monnaie et l\u2019avenir \u00e9conomique de l\u2019Alliance des \u00c9tats du Sahel (AES). Dans un ton direct et p\u00e9dagogique, il a abord\u00e9 sans d\u00e9tour la n\u00e9cessit\u00e9 de rompre avec la d\u00e9pendance mon\u00e9taire actuelle, appelant \u00e0 une r\u00e9forme profonde du syst\u00e8me bancaire et \u00e0 la cr\u00e9ation d\u2019une monnaie propre \u00e0 l\u2019AES.<\/p>\n<p class=\"p1\"><span class=\"s1\">\u00ab\u202fIl faut qu\u2019on r\u00e9forme le syst\u00e8me bancaire.\u202f\u00bb Cette phrase, prononc\u00e9e par le pr\u00e9sident Traor\u00e9 \u00e0 P\u00f4, r\u00e9sume l\u2019esprit d\u2019un projet de transformation \u00e9conomique radicale. Mais tr\u00e8s vite, il pr\u00e9cise l\u2019ampleur du chantier : \u00ab\u202fMais r\u00e9former le syst\u00e8me bancaire, \u00e7a stipule un gros travail qui est en cours.\u202f\u00bb<\/span><\/p>\n<p class=\"p1\"><span class=\"s1\">Ce \u00ab gros travail \u00bb, c\u2019est celui qui consiste \u00e0 sortir l\u2019AES de la d\u00e9pendance au syst\u00e8me mon\u00e9taire actuel, domin\u00e9 par la BCEAO. Pour Ibrahim Traor\u00e9, la question mon\u00e9taire est le c\u0153ur du probl\u00e8me. \u00ab\u202fIl faut le dire clairement, il faut la monnaie. Sinon notre syst\u00e8me bancaire est arrim\u00e9 \u00e0 un syst\u00e8me\u2026\u202f\u00bb Un syst\u00e8me dans lequel les banques locales n\u2019ont ni autonomie ni pouvoir d\u00e9cisionnel sur les taux d\u2019int\u00e9r\u00eat.<\/span><\/p>\n<p class=\"p1\"><span class=\"s1\">\u00ab La BCEAO, ce n\u2019est pas pour nous \u00bb, a-t-il lanc\u00e9, marquant la n\u00e9cessit\u00e9 d\u2019une rupture avec l\u2019institution financi\u00e8re ouest-africaine.<\/span><\/p>\n<p class=\"p1\"><span class=\"s1\">Il poursuit : \u00ab\u202fLes banques au Burkina ne d\u00e9cident pas du taux en tant que tel. Parce qu\u2019elles aussi prennent le pr\u00eat \u00e0 un taux donn\u00e9. Donc elles sont oblig\u00e9es d\u2019ajouter un peu ici.\u202f\u00bb R\u00e9sultat : le cr\u00e9dit devient un fardeau pour les entrepreneurs. \u00ab\u202fQuelqu\u2019un a une id\u00e9e pour cr\u00e9er une entreprise. Mais quand il part, il voit le pr\u00eat m\u00eame, c\u2019est difficile. Question de garantie, c\u2019est difficile.\u202f\u00bb<\/span><\/p>\n<p class=\"p1\"><span class=\"s1\">La cause ? L\u2019absence de souverainet\u00e9 mon\u00e9taire. \u00ab\u202fParce qu\u2019on ne ma\u00eetrise pas notre syst\u00e8me mon\u00e9taire, notre syst\u00e8me bancaire. Donc on ne peut pas se d\u00e9velopper comme \u00e7a, c\u2019est pas possible. \u00c7a freine tout.\u202f\u00bb<\/span><\/p>\n<p class=\"p1\"><span class=\"s1\">Dans cette logique, la solution est claire : cr\u00e9er une monnaie propre \u00e0 l\u2019AES. \u00ab\u202fQuand on sera ma\u00eetres de notre monnaie, on va fixer un taux, il y aura une commission bancaire qui va g\u00e9rer. Le taux de cr\u00e9dit et tout.\u202f\u00bb Il imagine un syst\u00e8me souple, r\u00e9actif, align\u00e9 sur les priorit\u00e9s des \u00c9tats sah\u00e9liens.<\/span><\/p>\n<p class=\"p1\"><span class=\"s1\">Et il interpelle : \u00ab\u202fIl y a des pays o\u00f9 le cr\u00e9dit c\u2019est 1 %, 2 %. Ils arrivent \u00e0 partir la plupart du temps, c\u2019est comme \u00e7a non ? Mais pourquoi ici c\u2019est comme \u00e7a ? Il faut vous poser la question.\u202f\u00bb Cette comparaison internationale est un appel \u00e0 sortir du carcan h\u00e9rit\u00e9 de la colonisation \u00e9conomique.<\/span><\/p>\n<p class=\"p1\"><span class=\"s1\">Enfin, dans une formule qui m\u00eale assurance et appel \u00e0 la patience, il conclut : \u00ab\u202fOn est bien conscients, le travail avance. Et suivez seulement. Vous verrez, s\u2019il vous pla\u00eet, \u00e0 Dieu.\u202f\u00bb<\/span><\/p>\n<p class=\"p1\"><span class=\"s1\">Avec cette d\u00e9claration, le pr\u00e9sident Traor\u00e9 ne lance pas un simple d\u00e9bat technique. Il pose les fondations d\u2019un basculement historique probable<span class=\"Apple-converted-space\">\u00a0 <\/span>: la cr\u00e9ation d\u2019une monnaie de l\u2019AES comme instrument de souverainet\u00e9, de justice \u00e9conomique et d\u2019\u00e9mancipation.<\/span><\/p>\n<p>www.burkinaonline.net<\/p>\n","protected":false},"excerpt":{"rendered":"<p>Le 14 juin 2025 \u00e0 P\u00f4, le pr\u00e9sident du Faso, le capitaine Ibrahim Traor\u00e9, a&#8230;<\/p>\n","protected":false},"author":1,"featured_media":7776,"comment_status":"open","ping_status":"open","sticky":false,"template":"","format":"standard","meta":{"footnotes":""},"categories":[8,30,10,15],"tags":[],"class_list":["post-7775","post","type-post","status-publish","format-standard","has-post-thumbnail","hentry","category-post","category-aes","category-burkina-faso","category-economie"],"_links":{"self":[{"href":"https:\/\/burkinaonline.net\/index.php?rest_route=\/wp\/v2\/posts\/7775","targetHints":{"allow":["GET"]}}],"collection":[{"href":"https:\/\/burkinaonline.net\/index.php?rest_route=\/wp\/v2\/posts"}],"about":[{"href":"https:\/\/burkinaonline.net\/index.php?rest_route=\/wp\/v2\/types\/post"}],"author":[{"embeddable":true,"href":"https:\/\/burkinaonline.net\/index.php?rest_route=\/wp\/v2\/users\/1"}],"replies":[{"embeddable":true,"href":"https:\/\/burkinaonline.net\/index.php?rest_route=%2Fwp%2Fv2%2Fcomments&post=7775"}],"version-history":[{"count":1,"href":"https:\/\/burkinaonline.net\/index.php?rest_route=\/wp\/v2\/posts\/7775\/revisions"}],"predecessor-version":[{"id":7777,"href":"https:\/\/burkinaonline.net\/index.php?rest_route=\/wp\/v2\/posts\/7775\/revisions\/7777"}],"wp:featuredmedia":[{"embeddable":true,"href":"https:\/\/burkinaonline.net\/index.php?rest_route=\/wp\/v2\/media\/7776"}],"wp:attachment":[{"href":"https:\/\/burkinaonline.net\/index.php?rest_route=%2Fwp%2Fv2%2Fmedia&parent=7775"}],"wp:term":[{"taxonomy":"category","embeddable":true,"href":"https:\/\/burkinaonline.net\/index.php?rest_route=%2Fwp%2Fv2%2Fcategories&post=7775"},{"taxonomy":"post_tag","embeddable":true,"href":"https:\/\/burkinaonline.net\/index.php?rest_route=%2Fwp%2Fv2%2Ftags&post=7775"}],"curies":[{"name":"wp","href":"https:\/\/api.w.org\/{rel}","templated":true}]}}