{"id":7778,"date":"2025-06-16T18:40:38","date_gmt":"2025-06-16T18:40:38","guid":{"rendered":"https:\/\/burkinaonline.net\/?p=7778"},"modified":"2025-06-16T18:56:44","modified_gmt":"2025-06-16T18:56:44","slug":"la-credibilite-de-loccident-est-quasiment-nulle-nous-faisons-rire-le-reste-du-monde-gerard-araud-ancien-ambassadeur-de-france-aux-etats-unis","status":"publish","type":"post","link":"https:\/\/burkinaonline.net\/?p=7778","title":{"rendered":"\u00ab\u00a0La cr\u00e9dibilit\u00e9 de l&rsquo;Occident est quasiment nulle. Nous faisons rire le reste du monde.\u00a0\u00bb G\u00e9rard Araud, ancien ambassadeur de France aux \u00c9tats-Unis"},"content":{"rendered":"<p class=\"p1\"><span class=\"s1\">Sur un plateau de t\u00e9l\u00e9vision suisse, G\u00e9rard Araud, ancien ambassadeur de France aux \u00c9tats-Unis, a livr\u00e9 une analyse sans d\u00e9tour sur la perte d\u2019influence morale de l\u2019Occident dans le reste du monde. Selon lui, \u00ab la cr\u00e9dibilit\u00e9 de l\u2019Occident en dehors de l\u2019Occident est quasiment nulle \u00bb. Une d\u00e9claration choc, qui r\u00e9sonne dans un contexte international marqu\u00e9 par les tensions, les guerres, et un basculement progressif des rapports de force. Pour une grande partie des pays d\u2019Afrique, d\u2019Asie, d\u2019Am\u00e9rique latine et du monde arabe<span class=\"Apple-converted-space\">\u00a0 <\/span>(que l\u2019on qualifie souvent de \u201creste du monde\u201d) les le\u00e7ons de morale occidentales ne passent plus.<\/span><\/p>\n<p class=\"p1\"><span class=\"s1\">L\u2019h\u00e9ritage des guerres \u00e0 g\u00e9om\u00e9trie variable<\/span><\/p>\n<p class=\"p1\"><span class=\"s1\">G\u00e9rard Araud pointe du doigt les interventions militaires men\u00e9es par les puissances occidentales ces derni\u00e8res d\u00e9cennies : \u00ab Les Occidentaux ont men\u00e9 un certain nombre de guerres pour changer les r\u00e9gimes. \u00bb Le renversement de Slobodan Milosevic, l\u2019invasion de l\u2019Irak en 2003 sous de faux pr\u00e9textes, ou encore le chaos laiss\u00e9 en Libye apr\u00e8s l\u2019intervention de l\u2019OTAN en 2011, sont autant d\u2019exemples qui nourrissent un profond ressentiment.\u2026 autant d\u2019actions qui ont entam\u00e9 durablement la l\u00e9gitimit\u00e9 du discours occidental sur le droit international. Pour ces pays, les appels actuels \u00e0 d\u00e9fendre la souverainet\u00e9 et le droit ne peuvent \u00eatre pris au s\u00e9rieux, tant ces principes ont \u00e9t\u00e9 viol\u00e9s par ceux-l\u00e0 m\u00eames qui les proclament aujourd\u2019hui.<\/span><\/p>\n<p class=\"p1\"><span class=\"s1\">Un double discours qui fait rire le monde<\/span><\/p>\n<p class=\"p1\"><span class=\"s1\">\u00ab Nous faisons rire le reste du monde lorsque nous invoquons le droit international que nous avons viol\u00e9 pendant des d\u00e9cennies \u00bb, affirme l\u2019ex-diplomate. Et ce rire n\u2019est pas neutre : il traduit un rejet profond. Lorsque les dirigeants occidentaux disent d\u00e9fendre le bien contre le mal, \u00ab ils ne nous croient pas. Non, \u00e9videmment pas. On les fait rire aux \u00e9clats \u00bb, insiste G\u00e9rard Araud. Le monde non occidental per\u00e7oit d\u00e9sormais l\u2019Occident comme un acteur parmi d\u2019autres, souvent incoh\u00e9rent, et peu cr\u00e9dible lorsqu\u2019il se pose en juge moral.<\/span><\/p>\n<p class=\"p1\"><span class=\"s1\">L\u2019Ukraine, r\u00e9v\u00e9lateur du foss\u00e9 mondial<\/span><\/p>\n<p class=\"p1\"><span class=\"s1\">Sur l\u2019invasion de l\u2019Ukraine par la Russie, G\u00e9rard Araud nuance : \u00ab Le reste du monde n\u2019approuve pas l\u2019invasion, mais franchement, ne verse pas une larme sur ce qui nous arrive. \u00bb Cette indiff\u00e9rence ne traduit pas un alignement avec Moscou, mais plut\u00f4t un d\u00e9sint\u00e9r\u00eat pour une guerre per\u00e7ue comme \u201ceurop\u00e9enne\u201d, loin des pr\u00e9occupations locales, et comme une cons\u00e9quence de d\u00e9cennies d\u2019un ordre mondial \u00e0 deux vitesses.<\/span><\/p>\n<p>Deux poids, deux mesures<\/p>\n<p>La politique du deux poids, deux mesures entame s\u00e9rieusement la cr\u00e9dibilit\u00e9 de l\u2019Occident. Tandis que la Russie est lourdement sanctionn\u00e9e pour avoir \u00ab agress\u00e9 \u00bb l\u2019Ukraine, Isra\u00ebl, pourtant en violation r\u00e9p\u00e9t\u00e9e du droit international, b\u00e9n\u00e9ficie du soutien constant des puissances occidentales, notamment des \u00c9tats-Unis. Et c\u2019est ce m\u00eame Isra\u00ebl (qui, selon plusieurs observateurs, d\u00e9tient d\u00e9j\u00e0 l\u2019arme nucl\u00e9aire en dehors du Trait\u00e9 de non-prolif\u00e9ration) \u00a0qui bombarde l\u2019Iran sous pr\u00e9texte de l\u2019emp\u00eacher d\u2019en d\u00e9velopper une.<\/p>\n<p class=\"p1\"><span class=\"s1\"> Un Occident en perte d\u2019\u00e9coute<\/span><\/p>\n<p class=\"p1\"><span class=\"s1\">Ce que dit G\u00e9rard Araud, c\u2019est que l\u2019Occident paie aujourd\u2019hui le prix de son pass\u00e9. La perte de cr\u00e9dibilit\u00e9 n\u2019est pas le fruit d\u2019une campagne de d\u00e9sinformation, mais d\u2019une accumulation de contradictions. Pour retrouver un minimum d\u2019\u00e9coute et d\u2019influence, il ne suffira plus de proclamer des principes : il faudra les incarner, de mani\u00e8re \u00e9gale et coh\u00e9rente, partout dans le monde.<\/span><\/p>\n<p class=\"p1\"><span class=\"s1\">www.burkinaonline.net<\/span><\/p>\n","protected":false},"excerpt":{"rendered":"<p>Sur un plateau de t\u00e9l\u00e9vision suisse, G\u00e9rard Araud, ancien ambassadeur de France aux \u00c9tats-Unis, a&#8230;<\/p>\n","protected":false},"author":1,"featured_media":7779,"comment_status":"open","ping_status":"open","sticky":false,"template":"","format":"standard","meta":{"footnotes":""},"categories":[8,18,11,13],"tags":[],"class_list":["post-7778","post","type-post","status-publish","format-standard","has-post-thumbnail","hentry","category-post","category-international","category-politique","category-societe"],"_links":{"self":[{"href":"https:\/\/burkinaonline.net\/index.php?rest_route=\/wp\/v2\/posts\/7778","targetHints":{"allow":["GET"]}}],"collection":[{"href":"https:\/\/burkinaonline.net\/index.php?rest_route=\/wp\/v2\/posts"}],"about":[{"href":"https:\/\/burkinaonline.net\/index.php?rest_route=\/wp\/v2\/types\/post"}],"author":[{"embeddable":true,"href":"https:\/\/burkinaonline.net\/index.php?rest_route=\/wp\/v2\/users\/1"}],"replies":[{"embeddable":true,"href":"https:\/\/burkinaonline.net\/index.php?rest_route=%2Fwp%2Fv2%2Fcomments&post=7778"}],"version-history":[{"count":4,"href":"https:\/\/burkinaonline.net\/index.php?rest_route=\/wp\/v2\/posts\/7778\/revisions"}],"predecessor-version":[{"id":7783,"href":"https:\/\/burkinaonline.net\/index.php?rest_route=\/wp\/v2\/posts\/7778\/revisions\/7783"}],"wp:featuredmedia":[{"embeddable":true,"href":"https:\/\/burkinaonline.net\/index.php?rest_route=\/wp\/v2\/media\/7779"}],"wp:attachment":[{"href":"https:\/\/burkinaonline.net\/index.php?rest_route=%2Fwp%2Fv2%2Fmedia&parent=7778"}],"wp:term":[{"taxonomy":"category","embeddable":true,"href":"https:\/\/burkinaonline.net\/index.php?rest_route=%2Fwp%2Fv2%2Fcategories&post=7778"},{"taxonomy":"post_tag","embeddable":true,"href":"https:\/\/burkinaonline.net\/index.php?rest_route=%2Fwp%2Fv2%2Ftags&post=7778"}],"curies":[{"name":"wp","href":"https:\/\/api.w.org\/{rel}","templated":true}]}}