{"id":7784,"date":"2025-06-17T10:04:48","date_gmt":"2025-06-17T10:04:48","guid":{"rendered":"https:\/\/burkinaonline.net\/?p=7784"},"modified":"2025-06-17T10:07:10","modified_gmt":"2025-06-17T10:07:10","slug":"sortie-de-la-liste-grise-du-gafi-une-victoire-strategique-pour-le-mali","status":"publish","type":"post","link":"https:\/\/burkinaonline.net\/?p=7784","title":{"rendered":"Sortie de la liste grise du GAFI : une victoire strat\u00e9gique pour le Mali"},"content":{"rendered":"<p>Le 13 juin 2025, le Mali a \u00e9t\u00e9 officiellement retir\u00e9 de la liste grise du GAFI (Groupe d\u2019Action Financi\u00e8re), lors de la pl\u00e9ni\u00e8re tenue \u00e0 Strasbourg. Cette d\u00e9cision marque une \u00e9tape importante pour le pays, qui figurait depuis 2021 parmi les \u00c9tats pr\u00e9sentant des lacunes strat\u00e9giques dans la lutte contre le blanchiment de capitaux et le financement du terrorisme.<\/p>\n<p>Pour sortir de cette liste, le Mali a mis en \u0153uvre un plan d\u2019action ambitieux comprenant 27 mesures, allant du renforcement du cadre juridique \u00e0 la mont\u00e9e en puissance des institutions sp\u00e9cialis\u00e9es comme la CONAC LBC\/FT (Commission nationale de coordination des activit\u00e9s de lutte contre le blanchiment de capitaux et le financement du terrorisme) et la CENTIF (Cellule nationale de traitement des informations financi\u00e8res). Ces r\u00e9formes ont \u00e9t\u00e9 suivies et valid\u00e9es par des experts internationaux lors d\u2019une mission d\u2019\u00e9valuation en avril 2025.<\/p>\n<p>Cette sortie offre un nouveau souffle \u00e0 l\u2019\u00e9conomie malienne. Elle am\u00e9liore la confiance des investisseurs \u00e9trangers, facilite l\u2019acc\u00e8s aux financements internationaux et renforce l\u2019image du pays sur le plan diplomatique. Elle t\u00e9moigne \u00e9galement d\u2019une volont\u00e9 claire des autorit\u00e9s maliennes de consolider leurs institutions financi\u00e8res et judiciaires.<\/p>\n<p>Le Mali tourne ainsi une page d\u00e9licate de son histoire r\u00e9cente et se positionne comme un acteur plus cr\u00e9dible sur les march\u00e9s r\u00e9gionaux et internationaux.<\/p>\n<p>www.burkinaonline.net<\/p>\n","protected":false},"excerpt":{"rendered":"<p>Le 13 juin 2025, le Mali a \u00e9t\u00e9 officiellement retir\u00e9 de la liste grise du&#8230;<\/p>\n","protected":false},"author":1,"featured_media":7786,"comment_status":"open","ping_status":"open","sticky":false,"template":"","format":"standard","meta":{"footnotes":""},"categories":[8,30,15],"tags":[],"class_list":["post-7784","post","type-post","status-publish","format-standard","has-post-thumbnail","hentry","category-post","category-aes","category-economie"],"_links":{"self":[{"href":"https:\/\/burkinaonline.net\/index.php?rest_route=\/wp\/v2\/posts\/7784","targetHints":{"allow":["GET"]}}],"collection":[{"href":"https:\/\/burkinaonline.net\/index.php?rest_route=\/wp\/v2\/posts"}],"about":[{"href":"https:\/\/burkinaonline.net\/index.php?rest_route=\/wp\/v2\/types\/post"}],"author":[{"embeddable":true,"href":"https:\/\/burkinaonline.net\/index.php?rest_route=\/wp\/v2\/users\/1"}],"replies":[{"embeddable":true,"href":"https:\/\/burkinaonline.net\/index.php?rest_route=%2Fwp%2Fv2%2Fcomments&post=7784"}],"version-history":[{"count":1,"href":"https:\/\/burkinaonline.net\/index.php?rest_route=\/wp\/v2\/posts\/7784\/revisions"}],"predecessor-version":[{"id":7785,"href":"https:\/\/burkinaonline.net\/index.php?rest_route=\/wp\/v2\/posts\/7784\/revisions\/7785"}],"wp:featuredmedia":[{"embeddable":true,"href":"https:\/\/burkinaonline.net\/index.php?rest_route=\/wp\/v2\/media\/7786"}],"wp:attachment":[{"href":"https:\/\/burkinaonline.net\/index.php?rest_route=%2Fwp%2Fv2%2Fmedia&parent=7784"}],"wp:term":[{"taxonomy":"category","embeddable":true,"href":"https:\/\/burkinaonline.net\/index.php?rest_route=%2Fwp%2Fv2%2Fcategories&post=7784"},{"taxonomy":"post_tag","embeddable":true,"href":"https:\/\/burkinaonline.net\/index.php?rest_route=%2Fwp%2Fv2%2Ftags&post=7784"}],"curies":[{"name":"wp","href":"https:\/\/api.w.org\/{rel}","templated":true}]}}