{"id":7793,"date":"2025-06-18T13:23:35","date_gmt":"2025-06-18T13:23:35","guid":{"rendered":"https:\/\/burkinaonline.net\/?p=7793"},"modified":"2025-06-18T13:24:52","modified_gmt":"2025-06-18T13:24:52","slug":"conflit-israel-iran-ram-shefa-un-ancien-depute-israelien-met-en-garde-contre-la-logique-des-frappes-preventives-et-soppose-a-la-decapitation-du-regime-iranien","status":"publish","type":"post","link":"https:\/\/burkinaonline.net\/?p=7793","title":{"rendered":"Conflit Isra\u00ebl-Iran : Ram Shefa, ancien d\u00e9put\u00e9 isra\u00e9lien, met en garde contre la logique des frappes pr\u00e9ventives et s\u2019oppose \u00e0 la d\u00e9capitation du r\u00e9gime iranien"},"content":{"rendered":"<p class=\"p1\"><span class=\"s2\">S<\/span><span class=\"s1\">ur un plateau de t\u00e9l\u00e9vision, l\u2019ancien d\u00e9put\u00e9 isra\u00e9lien Ram Shefa, ancien membre du Parti travailliste, a tenu un discours inhabituel dans le paysage politique isra\u00e9lien. Intervenant dans le contexte explosif de l\u2019escalade militaire entre Isra\u00ebl et l\u2019Iran, il a remis en question la logique de frappes pr\u00e9ventives et plaid\u00e9 pour une approche fond\u00e9e sur le droit international et la retenue.<\/span><\/p>\n<p class=\"p1\"><span class=\"s1\">\u00ab Les premiers \u00e0 avoir frapp\u00e9, c\u2019est Isra\u00ebl. \u00bb C\u2019est par cette affirmation que Ram Shefa ouvre son propos. Il interroge ensuite : \u00ab <\/span><span class=\"s3\">Est-ce qu&rsquo;on dit que l&rsquo;Iran, le r\u00e9gime des Mollahs, n&rsquo;a pas le droit de se d\u00e9fendre du fait (\u2026) de sa rh\u00e9torique qui menace l&rsquo;existence m\u00eame de l&rsquo;\u00c9tat h\u00e9breu <\/span><span class=\"s1\">?\u00bb Pour lui, admettre ce raisonnement, c\u2019est \u00e9tablir une \u00ab jurisprudence \u00bb lourde de cons\u00e9quences.<\/span><\/p>\n<p class=\"p1\"><span class=\"s1\">Shefa \u00e9largit son analyse \u00e0 d\u2019autres cas potentiels : \u00ab La Cor\u00e9e du Sud envisage aujourd\u2019hui de se doter de l\u2019arme nucl\u00e9aire. J\u2019imagine que le r\u00e9gime nord-cor\u00e9en va se sentir tr\u00e8s menac\u00e9 par cette perspective. Est-ce qu\u2019il aurait donc la possibilit\u00e9, de mani\u00e8re pr\u00e9ventive, d\u2019attaquer S\u00e9oul ? \u00bb En filigrane, il critique une logique d\u2019agression qui pourrait, selon lui, se retourner contre ceux qui l\u2019appliquent.<\/span><\/p>\n<p class=\"p1\"><span class=\"s1\">Bien qu\u2019il exprime une forte condamnation morale du r\u00e9gime iranien, (\u00ab ce r\u00e9gime (des mollahs) qui pend les homosexuels, qui met en prison les femmes parce qu\u2019elles refusent de porter un morceau de tissu \u00bb), il refuse que cela serve de justification \u00e0 une intervention militaire directe : \u00ab La solution, \u00e7a n\u2019est pas la d\u00e9capitation physique d\u2019un r\u00e9gime. Parce que qui sommes-nous pour d\u00e9cider que, oui, nous avons le droit de le d\u00e9capiter ? \u00bb<\/span><\/p>\n<p class=\"p1\"><span class=\"s1\">Il insiste sur l\u2019importance de \u00ab ce cadre (\u2026) du droit, avec ses outils, qui souvent ne sont pas les blocs dont on r\u00eave, mais des freins \u00bb. Face \u00e0 une \u00e9poque domin\u00e9e par l\u2019instantan\u00e9it\u00e9, il pr\u00e9vient : \u00ab On veut mettre fin \u00e0 cela tout de suite. Alors on d\u00e9ploie les missiles. Et il va y avoir des dommages collat\u00e9raux. Il va y avoir des boucliers humains. \u00bb<\/span><\/p>\n<p class=\"p1\"><span class=\"s1\">Enfin, il invite \u00e0 tirer les le\u00e7ons de l\u2019Histoire : \u00ab C\u2019est quoi le r\u00e9sultat de l\u2019Irak en 2003 ? C\u2019est la naissance de l\u2019organisation \u00c9tat islamique. Et l\u2019Afghanistan? et la Libye? \u2026 \u00bb<\/span><\/p>\n<p class=\"p1\"><span class=\"s1\">Ram Shefa pose ainsi une question centrale : jusqu\u2019o\u00f9 peut-on aller au nom de la justice et de la s\u00e9curit\u00e9 sans devenir soi-m\u00eame le vecteur de l\u2019instabilit\u00e9 que l\u2019on pr\u00e9tend combattre ?<\/span><\/p>\n<p>www.burkinaonline.net<\/p>\n","protected":false},"excerpt":{"rendered":"<p>Sur un plateau de t\u00e9l\u00e9vision, l\u2019ancien d\u00e9put\u00e9 isra\u00e9lien Ram Shefa, ancien membre du Parti travailliste,&#8230;<\/p>\n","protected":false},"author":1,"featured_media":7794,"comment_status":"open","ping_status":"open","sticky":false,"template":"","format":"standard","meta":{"footnotes":""},"categories":[8,18,11,13],"tags":[],"class_list":["post-7793","post","type-post","status-publish","format-standard","has-post-thumbnail","hentry","category-post","category-international","category-politique","category-societe"],"_links":{"self":[{"href":"https:\/\/burkinaonline.net\/index.php?rest_route=\/wp\/v2\/posts\/7793","targetHints":{"allow":["GET"]}}],"collection":[{"href":"https:\/\/burkinaonline.net\/index.php?rest_route=\/wp\/v2\/posts"}],"about":[{"href":"https:\/\/burkinaonline.net\/index.php?rest_route=\/wp\/v2\/types\/post"}],"author":[{"embeddable":true,"href":"https:\/\/burkinaonline.net\/index.php?rest_route=\/wp\/v2\/users\/1"}],"replies":[{"embeddable":true,"href":"https:\/\/burkinaonline.net\/index.php?rest_route=%2Fwp%2Fv2%2Fcomments&post=7793"}],"version-history":[{"count":2,"href":"https:\/\/burkinaonline.net\/index.php?rest_route=\/wp\/v2\/posts\/7793\/revisions"}],"predecessor-version":[{"id":7796,"href":"https:\/\/burkinaonline.net\/index.php?rest_route=\/wp\/v2\/posts\/7793\/revisions\/7796"}],"wp:featuredmedia":[{"embeddable":true,"href":"https:\/\/burkinaonline.net\/index.php?rest_route=\/wp\/v2\/media\/7794"}],"wp:attachment":[{"href":"https:\/\/burkinaonline.net\/index.php?rest_route=%2Fwp%2Fv2%2Fmedia&parent=7793"}],"wp:term":[{"taxonomy":"category","embeddable":true,"href":"https:\/\/burkinaonline.net\/index.php?rest_route=%2Fwp%2Fv2%2Fcategories&post=7793"},{"taxonomy":"post_tag","embeddable":true,"href":"https:\/\/burkinaonline.net\/index.php?rest_route=%2Fwp%2Fv2%2Ftags&post=7793"}],"curies":[{"name":"wp","href":"https:\/\/api.w.org\/{rel}","templated":true}]}}