{"id":7803,"date":"2025-06-19T21:54:44","date_gmt":"2025-06-19T21:54:44","guid":{"rendered":"https:\/\/burkinaonline.net\/?p=7803"},"modified":"2025-06-19T21:54:44","modified_gmt":"2025-06-19T21:54:44","slug":"operation-antiterroriste-reussie-a-tessalit-un-pick-up-neutralise-par-les-fama","status":"publish","type":"post","link":"https:\/\/burkinaonline.net\/?p=7803","title":{"rendered":"Op\u00e9ration antiterroriste r\u00e9ussie \u00e0 Tessalit : un pick-up neutralis\u00e9 par les FAMa"},"content":{"rendered":"<p>Ce jeudi 19 juin 2025, les Forces arm\u00e9es maliennes (FAMa) ont men\u00e9 une op\u00e9ration a\u00e9rienne cibl\u00e9e contre un v\u00e9hicule suspect rep\u00e9r\u00e9 \u00e0 23 km au nord-est de Kidal, dans la localit\u00e9 de Tessalit. Transportant des terroristes, le pick-up a \u00e9t\u00e9 neutralis\u00e9 avec succ\u00e8s, selon un communiqu\u00e9 officiel.<\/p>\n<p>L\u2019\u00c9tat-Major G\u00e9n\u00e9ral des Arm\u00e9es a rassur\u00e9 que les op\u00e9rations de reconnaissance se poursuivent dans la zone pour identifier et traquer d\u2019\u00e9ventuels complices. Cette action s\u2019inscrit dans le cadre des efforts continus de lutte contre le terrorisme dans le nord du Mali.<\/p>\n<p>www.burkinaonline.net<\/p>\n","protected":false},"excerpt":{"rendered":"<p>Ce jeudi 19 juin 2025, les Forces arm\u00e9es maliennes (FAMa) ont men\u00e9 une op\u00e9ration a\u00e9rienne&#8230;<\/p>\n","protected":false},"author":1,"featured_media":7805,"comment_status":"open","ping_status":"open","sticky":false,"template":"","format":"standard","meta":{"footnotes":""},"categories":[8,30,12],"tags":[],"class_list":["post-7803","post","type-post","status-publish","format-standard","has-post-thumbnail","hentry","category-post","category-aes","category-terrorisme"],"_links":{"self":[{"href":"https:\/\/burkinaonline.net\/index.php?rest_route=\/wp\/v2\/posts\/7803","targetHints":{"allow":["GET"]}}],"collection":[{"href":"https:\/\/burkinaonline.net\/index.php?rest_route=\/wp\/v2\/posts"}],"about":[{"href":"https:\/\/burkinaonline.net\/index.php?rest_route=\/wp\/v2\/types\/post"}],"author":[{"embeddable":true,"href":"https:\/\/burkinaonline.net\/index.php?rest_route=\/wp\/v2\/users\/1"}],"replies":[{"embeddable":true,"href":"https:\/\/burkinaonline.net\/index.php?rest_route=%2Fwp%2Fv2%2Fcomments&post=7803"}],"version-history":[{"count":1,"href":"https:\/\/burkinaonline.net\/index.php?rest_route=\/wp\/v2\/posts\/7803\/revisions"}],"predecessor-version":[{"id":7806,"href":"https:\/\/burkinaonline.net\/index.php?rest_route=\/wp\/v2\/posts\/7803\/revisions\/7806"}],"wp:featuredmedia":[{"embeddable":true,"href":"https:\/\/burkinaonline.net\/index.php?rest_route=\/wp\/v2\/media\/7805"}],"wp:attachment":[{"href":"https:\/\/burkinaonline.net\/index.php?rest_route=%2Fwp%2Fv2%2Fmedia&parent=7803"}],"wp:term":[{"taxonomy":"category","embeddable":true,"href":"https:\/\/burkinaonline.net\/index.php?rest_route=%2Fwp%2Fv2%2Fcategories&post=7803"},{"taxonomy":"post_tag","embeddable":true,"href":"https:\/\/burkinaonline.net\/index.php?rest_route=%2Fwp%2Fv2%2Ftags&post=7803"}],"curies":[{"name":"wp","href":"https:\/\/api.w.org\/{rel}","templated":true}]}}