{"id":7814,"date":"2025-06-20T16:41:08","date_gmt":"2025-06-20T16:41:08","guid":{"rendered":"https:\/\/burkinaonline.net\/?p=7814"},"modified":"2025-06-20T16:41:08","modified_gmt":"2025-06-20T16:41:08","slug":"senegal-tragedie-elle-tue-sa-soeur-jumelle-pour-3-500-f-cfa","status":"publish","type":"post","link":"https:\/\/burkinaonline.net\/?p=7814","title":{"rendered":"S\u00e9n\u00e9gal | Trag\u00e9die : Elle tue sa s\u0153ur jumelle pour 3\u202f500 F\u202fCFA"},"content":{"rendered":"<p>Awa Bodian, \u00e9l\u00e8ve de 22 ans, a reconnu avoir tu\u00e9 sa s\u0153ur jumelle, Adama Bodian, lors d\u2019une altercation violente survenue \u00e0 Ziguinchor le 13 juin 2025. Elle parle d\u2019un \u00ab\u202facte involontaire\u202f\u00bb d\u00e9clench\u00e9 par une dette de 3\u202f500 F\u202fCFA.<\/p>\n<p>\u00ab\u202fJe reconnais les faits\u2026 je n\u2019avais pas l\u2019intention de blesser ma s\u0153ur jumelle, Adama, encore moins de lui donner la mort. Je devais \u00e0 ma s\u0153ur la somme de 3\u202f500 F CFA. N\u2019ayant pas la somme totale, je lui ai propos\u00e9 une avance de 2\u202f000 F CFA. Elle a refus\u00e9, m\u2019a jet\u00e9 l\u2019argent au visage, et a tent\u00e9 de m\u2019attaquer. C\u2019est \u00e0 ce moment que notre petit fr\u00e8re Assane Bodian et les voisins sont intervenus pour nous s\u00e9parer une premi\u00e8re fois.\u202f\u00bb<\/p>\n<p>Selon son t\u00e9moignage, apr\u00e8s s\u2019\u00eatre rendue \u00e0 la pharmacie pour acheter ses m\u00e9dicaments contre la dr\u00e9panocytose SS, Awa est retourn\u00e9e \u00e0 la maison. C\u2019est en s\u2019appr\u00eatant \u00e0 se doucher qu\u2019elle aurait \u00e9t\u00e9 surprise par sa s\u0153ur revenue \u00e0 la charge. \u00ab\u202fElle m\u2019a prise par derri\u00e8re en s\u2019agrippant \u00e0 mes cheveux. Nous nous sommes bagarr\u00e9es une seconde fois. J\u2019avais une paire de ciseaux\u2026 C\u2019est au cours de cette bagarre que ma s\u0153ur Adama s\u2019est bless\u00e9e au thorax, provoquant un saignement abondant. Je ne me suis m\u00eame pas rendu compte de la gravit\u00e9 de la blessure.\u202f\u00bb<\/p>\n<p>Des t\u00e9moins, dont des membres de la famille et des voisins, confirment la rapidit\u00e9 de la dispute et les tentatives de s\u00e9paration avant le drame. L\u2019enqu\u00eate se poursuit pour d\u00e9terminer si le geste d\u2019Awa rel\u00e8ve de la l\u00e9gitime d\u00e9fense, de l\u2019irresponsabilit\u00e9 ou d\u2019un acte pr\u00e9m\u00e9dit\u00e9.<\/p>\n<p>La mort d\u2019Adama Bodian dans ces circonstances tragiques illustre les cons\u00e9quences parfois d\u00e9vastatrices d\u2019un conflit apparemment mineur. L\u2019affaire interroge la limite entre un geste incontr\u00f4l\u00e9 dans un moment de tension et la responsabilit\u00e9 d\u2019un homicide. L\u2019issue du proc\u00e8s devrait apporter davantage de lumi\u00e8re sur cette affaire douloureuse.<br \/>\nwww.burkinaonline.net<\/p>\n","protected":false},"excerpt":{"rendered":"<p>Awa Bodian, \u00e9l\u00e8ve de 22 ans, a reconnu avoir tu\u00e9 sa s\u0153ur jumelle, Adama Bodian,&#8230;<\/p>\n","protected":false},"author":1,"featured_media":7815,"comment_status":"open","ping_status":"open","sticky":false,"template":"","format":"standard","meta":{"footnotes":""},"categories":[8,13],"tags":[],"class_list":["post-7814","post","type-post","status-publish","format-standard","has-post-thumbnail","hentry","category-post","category-societe"],"_links":{"self":[{"href":"https:\/\/burkinaonline.net\/index.php?rest_route=\/wp\/v2\/posts\/7814","targetHints":{"allow":["GET"]}}],"collection":[{"href":"https:\/\/burkinaonline.net\/index.php?rest_route=\/wp\/v2\/posts"}],"about":[{"href":"https:\/\/burkinaonline.net\/index.php?rest_route=\/wp\/v2\/types\/post"}],"author":[{"embeddable":true,"href":"https:\/\/burkinaonline.net\/index.php?rest_route=\/wp\/v2\/users\/1"}],"replies":[{"embeddable":true,"href":"https:\/\/burkinaonline.net\/index.php?rest_route=%2Fwp%2Fv2%2Fcomments&post=7814"}],"version-history":[{"count":1,"href":"https:\/\/burkinaonline.net\/index.php?rest_route=\/wp\/v2\/posts\/7814\/revisions"}],"predecessor-version":[{"id":7816,"href":"https:\/\/burkinaonline.net\/index.php?rest_route=\/wp\/v2\/posts\/7814\/revisions\/7816"}],"wp:featuredmedia":[{"embeddable":true,"href":"https:\/\/burkinaonline.net\/index.php?rest_route=\/wp\/v2\/media\/7815"}],"wp:attachment":[{"href":"https:\/\/burkinaonline.net\/index.php?rest_route=%2Fwp%2Fv2%2Fmedia&parent=7814"}],"wp:term":[{"taxonomy":"category","embeddable":true,"href":"https:\/\/burkinaonline.net\/index.php?rest_route=%2Fwp%2Fv2%2Fcategories&post=7814"},{"taxonomy":"post_tag","embeddable":true,"href":"https:\/\/burkinaonline.net\/index.php?rest_route=%2Fwp%2Fv2%2Ftags&post=7814"}],"curies":[{"name":"wp","href":"https:\/\/api.w.org\/{rel}","templated":true}]}}