{"id":7830,"date":"2025-06-22T09:24:31","date_gmt":"2025-06-22T09:24:31","guid":{"rendered":"https:\/\/burkinaonline.net\/?p=7830"},"modified":"2025-06-22T09:27:23","modified_gmt":"2025-06-22T09:27:23","slug":"%f0%9f%87%b2%f0%9f%87%b1%e2%9c%88%ef%b8%8f-mali-russie-assimi-goita-entame-une-visite-officielle-a-moscou","status":"publish","type":"post","link":"https:\/\/burkinaonline.net\/?p=7830","title":{"rendered":"\ud83c\uddf2\ud83c\uddf1\u2708\ufe0f Mali\u2013Russie : Assimi Go\u00efta entame une visite officielle \u00e0 Moscou"},"content":{"rendered":"<p>Le Pr\u00e9sident de la Transition du Mali, le G\u00e9n\u00e9ral d\u2019arm\u00e9e Assimi Go\u00efta, a quitt\u00e9 Bamako ce samedi 21 juin 2025 en d\u00e9but de soir\u00e9e, \u00e0 destination de Moscou, pour une visite officielle de plusieurs jours. Il est accompagn\u00e9 d\u2019une importante d\u00e9l\u00e9gation minist\u00e9rielle, dans le cadre du renforcement de la coop\u00e9ration bilat\u00e9rale entre le Mali et la Russie.<\/p>\n<p>\u00c0 l\u2019a\u00e9roport international Modibo Ke\u00efta de Bamako-S\u00e9nou, il a \u00e9t\u00e9 salu\u00e9 par le Premier ministre, des membres du Gouvernement et le Pr\u00e9sident du Conseil national de Transition (CNT).<\/p>\n<p>Le Pr\u00e9sident Go\u00efta a voyag\u00e9 \u00e0 bord d\u2019un avion pr\u00e9sidentiel russe Ilyushin Il-96-300PU, un appareil sp\u00e9cialement con\u00e7u pour les chefs d\u2019\u00c9tat. Il s\u2019agit du m\u00eame avion que celui utilis\u00e9 par le Pr\u00e9sident burkinab\u00e8 Ibrahim Traor\u00e9 lors de sa derni\u00e8re visite \u00e0 Moscou. Ce quadrir\u00e9acteur de fabrication russe est dot\u00e9 d\u2019un blindage renforc\u00e9, d\u2019un syst\u00e8me de communication s\u00e9curis\u00e9, ainsi que de contre-mesures \u00e9lectroniques et de dispositifs anti-missiles \u00e0 d\u00e9tection infrarouge.<\/p>\n<p>Le choix de cet appareil hautement s\u00e9curis\u00e9 t\u00e9moigne de l\u2019importance que Moscou accorde au Pr\u00e9sident Go\u00efta et \u00e0 la relation strat\u00e9gique entre les deux pays. Ce geste symbolique renforce l\u2019image d\u2019un partenariat privil\u00e9gi\u00e9 entre Bamako et Moscou, dans un contexte de r\u00e9orientation diplomatique du Mali.<br \/>\nwww.burkinaonline.net<br \/>\n#BurkinaOnline<\/p>\n","protected":false},"excerpt":{"rendered":"<p>Le Pr\u00e9sident de la Transition du Mali, le G\u00e9n\u00e9ral d\u2019arm\u00e9e Assimi Go\u00efta, a quitt\u00e9 Bamako&#8230;<\/p>\n","protected":false},"author":1,"featured_media":7831,"comment_status":"open","ping_status":"open","sticky":false,"template":"","format":"standard","meta":{"footnotes":""},"categories":[8,30,18],"tags":[],"class_list":["post-7830","post","type-post","status-publish","format-standard","has-post-thumbnail","hentry","category-post","category-aes","category-international"],"_links":{"self":[{"href":"https:\/\/burkinaonline.net\/index.php?rest_route=\/wp\/v2\/posts\/7830","targetHints":{"allow":["GET"]}}],"collection":[{"href":"https:\/\/burkinaonline.net\/index.php?rest_route=\/wp\/v2\/posts"}],"about":[{"href":"https:\/\/burkinaonline.net\/index.php?rest_route=\/wp\/v2\/types\/post"}],"author":[{"embeddable":true,"href":"https:\/\/burkinaonline.net\/index.php?rest_route=\/wp\/v2\/users\/1"}],"replies":[{"embeddable":true,"href":"https:\/\/burkinaonline.net\/index.php?rest_route=%2Fwp%2Fv2%2Fcomments&post=7830"}],"version-history":[{"count":3,"href":"https:\/\/burkinaonline.net\/index.php?rest_route=\/wp\/v2\/posts\/7830\/revisions"}],"predecessor-version":[{"id":7834,"href":"https:\/\/burkinaonline.net\/index.php?rest_route=\/wp\/v2\/posts\/7830\/revisions\/7834"}],"wp:featuredmedia":[{"embeddable":true,"href":"https:\/\/burkinaonline.net\/index.php?rest_route=\/wp\/v2\/media\/7831"}],"wp:attachment":[{"href":"https:\/\/burkinaonline.net\/index.php?rest_route=%2Fwp%2Fv2%2Fmedia&parent=7830"}],"wp:term":[{"taxonomy":"category","embeddable":true,"href":"https:\/\/burkinaonline.net\/index.php?rest_route=%2Fwp%2Fv2%2Fcategories&post=7830"},{"taxonomy":"post_tag","embeddable":true,"href":"https:\/\/burkinaonline.net\/index.php?rest_route=%2Fwp%2Fv2%2Ftags&post=7830"}],"curies":[{"name":"wp","href":"https:\/\/api.w.org\/{rel}","templated":true}]}}