{"id":7886,"date":"2025-06-26T13:41:54","date_gmt":"2025-06-26T13:41:54","guid":{"rendered":"https:\/\/burkinaonline.net\/?p=7886"},"modified":"2025-06-26T18:39:56","modified_gmt":"2025-06-26T18:39:56","slug":"universite-privee-dafrique-upa-inoussa-kanazoe-president-de-la-fondation-kanis-fait-un-don-exceptionnel-de-500-millions-fcfa","status":"publish","type":"post","link":"https:\/\/burkinaonline.net\/?p=7886","title":{"rendered":"Universit\u00e9 Priv\u00e9e d\u2019Afrique (UPA) : Inoussa Kanazo\u00e9, pr\u00e9sident de la Fondation KANIS, fait un don exceptionnel de 500 millions FCFA"},"content":{"rendered":"<p class=\"p1\"><span class=\"s1\">Ouagadougou, 26 juin 2025 \u2013 Une date d\u00e9sormais symbolique pour le Burkina Faso et pour l\u2019avenir de la jeunesse africaine. Ce jeudi matin s\u2019est tenue la c\u00e9r\u00e9monie de pose des premi\u00e8res pierres de l\u2019Universit\u00e9 Priv\u00e9e d\u2019Afrique (UPA), un ambitieux projet \u00e9ducatif port\u00e9 par la communaut\u00e9 musulmane burkinab\u00e8. D\u2019un co\u00fbt total de 2,4 milliards de francs CFA, cette universit\u00e9 la\u00efque verra le jour gr\u00e2ce \u00e0 un engagement collectif remarquable, mais surtout, gr\u00e2ce \u00e0 un geste fort et exemplaire : le don exceptionnel de 500 millions de francs CFA fait par Inoussa Kanazo\u00e9, pr\u00e9sident de la Fondation KANIS et PDG du groupe CIM METAL.<br \/>\n<\/span>Le PDG de Coris Bank, Idrissa Nassa, a \u00e9galement contribu\u00e9 \u00e0 hauteur de 500 millions de francs CFA. \u00c0 eux deux, ils ont financ\u00e9 plus de la moiti\u00e9 du co\u00fbt total de l\u2019universit\u00e9.<\/p>\n<p class=\"p1\"><span class=\"s1\">Une c\u00e9r\u00e9monie marqu\u00e9e par l\u2019unit\u00e9 et l\u2019espoir<\/span><\/p>\n<p class=\"p1\"><span class=\"s1\">Dans une atmosph\u00e8re de ferveur et d\u2019engagement, la c\u00e9r\u00e9monie a rassembl\u00e9 une multitude d\u2019acteurs majeurs du pays : op\u00e9rateurs \u00e9conomiques embl\u00e9matiques, chefs religieux et coutumiers, oul\u00e9mas, responsables administratifs, ainsi que de nombreux membres de la communaut\u00e9 musulmane. Tous \u00e9taient unis autour d\u2019un objectif commun : b\u00e2tir une universit\u00e9<span class=\"Apple-converted-space\">\u00a0 <\/span>d\u2019excellence, ouverte \u00e0 tous, sans distinction de religion ni de nationalit\u00e9.<\/span><\/p>\n<p class=\"p1\"><span class=\"s1\">L\u2019UPA, un projet structurant et inclusif<\/span><\/p>\n<p class=\"p1\"><span class=\"s1\">Pr\u00e9vue sur une superficie de 3 000 m\u00b2, l\u2019Universit\u00e9 Priv\u00e9e d\u2019Afrique, qui accueillera des \u00e9tudiants de toute l\u2019Afrique, ambitionne de devenir une r\u00e9f\u00e9rence dans la sous-r\u00e9gion. Son infrastructure comprendra :<\/span><\/p>\n<p class=\"p3\"><span class=\"s1\"> \u2022 2 b\u00e2timents (R+6 et R+3)<\/span><\/p>\n<p class=\"p3\"><span class=\"s1\"> \u2022 18 salles de cours<\/span><\/p>\n<p class=\"p3\"><span class=\"s1\"> \u2022 1 laboratoire<\/span><\/p>\n<p class=\"p3\"><span class=\"s1\"> \u2022 2 salles informatiques<\/span><\/p>\n<p class=\"p3\"><span class=\"s1\"> \u2022 3 ateliers\/cantines<\/span><\/p>\n<p class=\"p3\"><span class=\"s1\"> \u2022 1 amphith\u00e9\u00e2tre de 250 places<\/span><\/p>\n<p class=\"p3\"><span class=\"s1\"> \u2022 1 salle de r\u00e9union de 50 places<\/span><\/p>\n<p class=\"p3\"><span class=\"s1\"> \u2022 1 biblioth\u00e8que<\/span><\/p>\n<p class=\"p3\"><span class=\"s1\"> \u2022 1 infirmerie<\/span><\/p>\n<p class=\"p3\"><span class=\"s1\"> \u2022 1 salle de co-working<\/span><\/p>\n<p class=\"p3\"><span class=\"s1\"> \u2022 1 secr\u00e9tariat<\/span><\/p>\n<p class=\"p3\"><span class=\"s1\"> \u2022 1 bureau de direction<\/span><\/p>\n<p class=\"p3\"><span class=\"s1\"> \u2022 Des archives, une caf\u00e9t\u00e9ria, un parking<\/span><\/p>\n<p class=\"p1\"><span class=\"s1\">Inoussa Kanazo\u00e9 : un acteur engag\u00e9 dans la transformation du pays<\/span><\/p>\n<p class=\"p1\"><span class=\"s1\">Homme d\u2019affaires visionnaire, Inoussa Kanazo\u00e9 n\u2019en est pas \u00e0 son premier acte de g\u00e9n\u00e9rosit\u00e9. \u00c0 travers la Fondation KANIS, il s\u2019investit depuis des ann\u00e9es dans des domaines strat\u00e9giques tels que l\u2019\u00e9ducation, la sant\u00e9 et le d\u00e9veloppement communautaire, engageant r\u00e9guli\u00e8rement des centaines de millions de francs CFA dans des projets \u00e0 fort impact social.<\/span><\/p>\n<p class=\"p1\"><span class=\"s1\">Dans un contexte o\u00f9 les \u00e9lites \u00e9conomiques sont attendues sur le terrain social, Inoussa Kanazo\u00e9 se distingue par des actions concr\u00e8tes, mesurables et durables. Son engagement dans la construction de l\u2019UPA en est une parfaite illustration : un investissement qui restera comme un tournant d\u00e9cisif dans l\u2019histoire \u00e9ducative du Burkina Faso.<\/span><\/p>\n<p>www.burkinaonline.net<\/p>\n<p><a href=\"http:\/\/burkinaonline.net\/wp-content\/uploads\/2025\/06\/3d2fa3c1-8c19-4a79-9f01-e106a41801ab.jpeg\"><img fetchpriority=\"high\" decoding=\"async\" class=\"alignnone size-medium wp-image-7890\" src=\"http:\/\/burkinaonline.net\/wp-content\/uploads\/2025\/06\/3d2fa3c1-8c19-4a79-9f01-e106a41801ab-300x225.jpeg\" alt=\"\" width=\"300\" height=\"225\" srcset=\"https:\/\/burkinaonline.net\/wp-content\/uploads\/2025\/06\/3d2fa3c1-8c19-4a79-9f01-e106a41801ab-300x225.jpeg 300w, https:\/\/burkinaonline.net\/wp-content\/uploads\/2025\/06\/3d2fa3c1-8c19-4a79-9f01-e106a41801ab-1024x768.jpeg 1024w, https:\/\/burkinaonline.net\/wp-content\/uploads\/2025\/06\/3d2fa3c1-8c19-4a79-9f01-e106a41801ab-768x576.jpeg 768w, https:\/\/burkinaonline.net\/wp-content\/uploads\/2025\/06\/3d2fa3c1-8c19-4a79-9f01-e106a41801ab.jpeg 1080w\" sizes=\"(max-width: 300px) 100vw, 300px\" \/><\/a> <a href=\"http:\/\/burkinaonline.net\/wp-content\/uploads\/2025\/06\/9d78e72f-28d3-4f01-890e-48457a285fa9.jpeg\"><img decoding=\"async\" class=\"alignnone size-medium wp-image-7891\" src=\"http:\/\/burkinaonline.net\/wp-content\/uploads\/2025\/06\/9d78e72f-28d3-4f01-890e-48457a285fa9-300x225.jpeg\" alt=\"\" width=\"300\" height=\"225\" srcset=\"https:\/\/burkinaonline.net\/wp-content\/uploads\/2025\/06\/9d78e72f-28d3-4f01-890e-48457a285fa9-300x225.jpeg 300w, https:\/\/burkinaonline.net\/wp-content\/uploads\/2025\/06\/9d78e72f-28d3-4f01-890e-48457a285fa9-1024x768.jpeg 1024w, https:\/\/burkinaonline.net\/wp-content\/uploads\/2025\/06\/9d78e72f-28d3-4f01-890e-48457a285fa9-768x576.jpeg 768w, https:\/\/burkinaonline.net\/wp-content\/uploads\/2025\/06\/9d78e72f-28d3-4f01-890e-48457a285fa9.jpeg 1080w\" sizes=\"(max-width: 300px) 100vw, 300px\" \/><\/a> <a href=\"http:\/\/burkinaonline.net\/wp-content\/uploads\/2025\/06\/78a71652-8a92-4300-964d-48e2807f5e70.jpeg\"><img decoding=\"async\" class=\"alignnone size-medium wp-image-7892\" src=\"http:\/\/burkinaonline.net\/wp-content\/uploads\/2025\/06\/78a71652-8a92-4300-964d-48e2807f5e70-300x225.jpeg\" alt=\"\" width=\"300\" height=\"225\" srcset=\"https:\/\/burkinaonline.net\/wp-content\/uploads\/2025\/06\/78a71652-8a92-4300-964d-48e2807f5e70-300x225.jpeg 300w, https:\/\/burkinaonline.net\/wp-content\/uploads\/2025\/06\/78a71652-8a92-4300-964d-48e2807f5e70-1024x768.jpeg 1024w, https:\/\/burkinaonline.net\/wp-content\/uploads\/2025\/06\/78a71652-8a92-4300-964d-48e2807f5e70-768x576.jpeg 768w, https:\/\/burkinaonline.net\/wp-content\/uploads\/2025\/06\/78a71652-8a92-4300-964d-48e2807f5e70.jpeg 1080w\" sizes=\"(max-width: 300px) 100vw, 300px\" \/><\/a><\/p>\n<p>&nbsp;<\/p>\n","protected":false},"excerpt":{"rendered":"<p>Ouagadougou, 26 juin 2025 \u2013 Une date d\u00e9sormais symbolique pour le Burkina Faso et pour&#8230;<\/p>\n","protected":false},"author":1,"featured_media":7888,"comment_status":"open","ping_status":"open","sticky":false,"template":"","format":"standard","meta":{"footnotes":""},"categories":[8,10,13],"tags":[],"class_list":["post-7886","post","type-post","status-publish","format-standard","has-post-thumbnail","hentry","category-post","category-burkina-faso","category-societe"],"_links":{"self":[{"href":"https:\/\/burkinaonline.net\/index.php?rest_route=\/wp\/v2\/posts\/7886","targetHints":{"allow":["GET"]}}],"collection":[{"href":"https:\/\/burkinaonline.net\/index.php?rest_route=\/wp\/v2\/posts"}],"about":[{"href":"https:\/\/burkinaonline.net\/index.php?rest_route=\/wp\/v2\/types\/post"}],"author":[{"embeddable":true,"href":"https:\/\/burkinaonline.net\/index.php?rest_route=\/wp\/v2\/users\/1"}],"replies":[{"embeddable":true,"href":"https:\/\/burkinaonline.net\/index.php?rest_route=%2Fwp%2Fv2%2Fcomments&post=7886"}],"version-history":[{"count":5,"href":"https:\/\/burkinaonline.net\/index.php?rest_route=\/wp\/v2\/posts\/7886\/revisions"}],"predecessor-version":[{"id":7899,"href":"https:\/\/burkinaonline.net\/index.php?rest_route=\/wp\/v2\/posts\/7886\/revisions\/7899"}],"wp:featuredmedia":[{"embeddable":true,"href":"https:\/\/burkinaonline.net\/index.php?rest_route=\/wp\/v2\/media\/7888"}],"wp:attachment":[{"href":"https:\/\/burkinaonline.net\/index.php?rest_route=%2Fwp%2Fv2%2Fmedia&parent=7886"}],"wp:term":[{"taxonomy":"category","embeddable":true,"href":"https:\/\/burkinaonline.net\/index.php?rest_route=%2Fwp%2Fv2%2Fcategories&post=7886"},{"taxonomy":"post_tag","embeddable":true,"href":"https:\/\/burkinaonline.net\/index.php?rest_route=%2Fwp%2Fv2%2Ftags&post=7886"}],"curies":[{"name":"wp","href":"https:\/\/api.w.org\/{rel}","templated":true}]}}