{"id":7918,"date":"2025-06-30T13:22:05","date_gmt":"2025-06-30T13:22:05","guid":{"rendered":"https:\/\/burkinaonline.net\/?p=7918"},"modified":"2025-06-30T13:22:05","modified_gmt":"2025-06-30T13:22:05","slug":"le-retour-strategique-des-etats-unis-au-sahel-sous-trump-diplomatie-transactionnelle-et-enjeux-securitaires","status":"publish","type":"post","link":"https:\/\/burkinaonline.net\/?p=7918","title":{"rendered":"Le retour strat\u00e9gique des \u00c9tats-Unis au Sahel sous Trump : diplomatie transactionnelle et enjeux s\u00e9curitaires"},"content":{"rendered":"<p class=\"p1\"><span class=\"s1\">Selon <\/span><span class=\"s2\">Africa Intelligence<\/span><span class=\"s1\">, depuis le retour de Donald Trump \u00e0 la Maison-Blanche, l\u2019administration am\u00e9ricaine op\u00e8re un repositionnement strat\u00e9gique au Sahel, avec une approche assum\u00e9e de diplomatie transactionnelle. Cette orientation vise \u00e0 renouer le dialogue avec les pays de l\u2019Alliance des \u00c9tats du Sahel (AES) \u2014 Burkina Faso, Mali et Niger \u2014 rompant ainsi avec la posture plus prudente et distanci\u00e9e adopt\u00e9e sous Joe Biden.<\/span><\/p>\n<p class=\"p1\"><span class=\"s1\">R\u00e9engagement sous conditions<\/span><\/p>\n<p class=\"p1\"><span class=\"s1\">Le D\u00e9partement d\u2019\u00c9tat cherche \u00e0 reconstruire un cadre de coop\u00e9ration s\u00e9curitaire avec les pays de l\u2019AES, dans le but de freiner la progression du terrorisme dans la r\u00e9gion. Des n\u00e9gociations ont \u00e9t\u00e9 amorc\u00e9es, notamment avec le Niger, autour de la remise en \u00e9tat d\u2019un avion militaire C-130 bloqu\u00e9 \u00e0 Lom\u00e9, en raison de restrictions sur l\u2019exportation de pi\u00e8ces d\u00e9tach\u00e9es am\u00e9ricaines.<\/span><\/p>\n<p class=\"p1\"><span class=\"s1\">Ce r\u00e9engagement se veut gradu\u00e9 et pragmatique, misant sur une reprise progressive des \u00e9changes \u00e0 condition de garanties politiques.<\/span><\/p>\n<p class=\"p1\"><span class=\"s1\">Une strat\u00e9gie impuls\u00e9e depuis la Maison-Blanche<\/span><\/p>\n<p class=\"p1\"><span class=\"s1\">La dynamique est largement port\u00e9e par la Maison-Blanche, notamment par le National Security Council (NSC) dirig\u00e9 par Sebastian Gorka, figure influente du camp trumpiste. Le diplomate William B. Stevens a r\u00e9cemment effectu\u00e9 une tourn\u00e9e r\u00e9gionale, avec des \u00e9tapes \u00e0 Ouagadougou et Niamey, o\u00f9 il a rencontr\u00e9 plusieurs responsables pour discuter \u00e0 la fois des besoins s\u00e9curitaires et civils (\u00e9nergie, transport, industrie mini\u00e8re).<\/span><\/p>\n<p class=\"p1\"><span class=\"s1\">Ouverture commerciale, cadre juridique strict<\/span><\/p>\n<p class=\"p1\"><span class=\"s1\">Si l\u2019aide militaire directe est suspendue depuis les coups d\u2019\u00c9tat, la vente de mat\u00e9riel militaire reste envisageable dans le cadre du programme Foreign Military Sales (FMS), \u00e0 condition de suivre un processus de v\u00e9rification rigoureux. Washington pose \u00e9galement comme exigence le respect des usages diplomatiques, comme la non-r\u00e9tention des passeports du personnel \u00e9tranger et l\u2019int\u00e9grit\u00e9 des valises diplomatiques.<\/span><\/p>\n<p class=\"p1\"><span class=\"s1\">Par ailleurs, des discussions sont ouvertes sur des besoins non militaires, notamment en \u00e9quipements \u00e9nerg\u00e9tiques et industriels, avec des entreprises comme Caterpillar mentionn\u00e9es comme fournisseurs potentiels.<\/span><\/p>\n<p class=\"p1\"><span class=\"s1\">Le Sahel : nouveau laboratoire g\u00e9opolitique ?<\/span><\/p>\n<p class=\"p1\"><span class=\"s1\">Selon <\/span><span class=\"s2\">Africa Intelligence<\/span><span class=\"s1\">, le Sahel devient un laboratoire g\u00e9opolitique pour l\u2019administration Trump, m\u00ealant s\u00e9curit\u00e9, diplomatie \u00e9conomique et enjeux \u00e9nerg\u00e9tiques. Cette strat\u00e9gie, fond\u00e9e sur l\u2019\u00e9change d\u2019int\u00e9r\u00eats concrets, vise \u00e0 restaurer l\u2019influence am\u00e9ricaine dans une r\u00e9gion o\u00f9 la pr\u00e9sence occidentale s\u2019est \u00e9rod\u00e9e, tout en s\u2019affranchissant des contraintes morales ou juridiques li\u00e9es \u00e0 la l\u00e9gitimit\u00e9 d\u00e9mocratique des r\u00e9gimes en place.<\/span><\/p>\n<p class=\"p1\"><span class=\"s1\">www.burkinaonline.net <\/span><\/p>\n<p class=\"p1\"><span class=\"s1\">(d\u2019apr\u00e8s <\/span><span class=\"s2\">Africa Intelligence<\/span><span class=\"s1\">)<\/span><\/p>\n","protected":false},"excerpt":{"rendered":"<p>Selon Africa Intelligence, depuis le retour de Donald Trump \u00e0 la Maison-Blanche, l\u2019administration am\u00e9ricaine op\u00e8re&#8230;<\/p>\n","protected":false},"author":1,"featured_media":7919,"comment_status":"open","ping_status":"open","sticky":false,"template":"","format":"standard","meta":{"footnotes":""},"categories":[8,30,10,18,11],"tags":[],"class_list":["post-7918","post","type-post","status-publish","format-standard","has-post-thumbnail","hentry","category-post","category-aes","category-burkina-faso","category-international","category-politique"],"_links":{"self":[{"href":"https:\/\/burkinaonline.net\/index.php?rest_route=\/wp\/v2\/posts\/7918","targetHints":{"allow":["GET"]}}],"collection":[{"href":"https:\/\/burkinaonline.net\/index.php?rest_route=\/wp\/v2\/posts"}],"about":[{"href":"https:\/\/burkinaonline.net\/index.php?rest_route=\/wp\/v2\/types\/post"}],"author":[{"embeddable":true,"href":"https:\/\/burkinaonline.net\/index.php?rest_route=\/wp\/v2\/users\/1"}],"replies":[{"embeddable":true,"href":"https:\/\/burkinaonline.net\/index.php?rest_route=%2Fwp%2Fv2%2Fcomments&post=7918"}],"version-history":[{"count":1,"href":"https:\/\/burkinaonline.net\/index.php?rest_route=\/wp\/v2\/posts\/7918\/revisions"}],"predecessor-version":[{"id":7920,"href":"https:\/\/burkinaonline.net\/index.php?rest_route=\/wp\/v2\/posts\/7918\/revisions\/7920"}],"wp:featuredmedia":[{"embeddable":true,"href":"https:\/\/burkinaonline.net\/index.php?rest_route=\/wp\/v2\/media\/7919"}],"wp:attachment":[{"href":"https:\/\/burkinaonline.net\/index.php?rest_route=%2Fwp%2Fv2%2Fmedia&parent=7918"}],"wp:term":[{"taxonomy":"category","embeddable":true,"href":"https:\/\/burkinaonline.net\/index.php?rest_route=%2Fwp%2Fv2%2Fcategories&post=7918"},{"taxonomy":"post_tag","embeddable":true,"href":"https:\/\/burkinaonline.net\/index.php?rest_route=%2Fwp%2Fv2%2Ftags&post=7918"}],"curies":[{"name":"wp","href":"https:\/\/api.w.org\/{rel}","templated":true}]}}