{"id":7934,"date":"2025-07-01T09:31:56","date_gmt":"2025-07-01T09:31:56","guid":{"rendered":"https:\/\/burkinaonline.net\/?p=7934"},"modified":"2025-07-01T09:31:56","modified_gmt":"2025-07-01T09:31:56","slug":"trump-attaque-elon-musk-il-devrait-rentrer-chez-lui-en-afrique-du-sud","status":"publish","type":"post","link":"https:\/\/burkinaonline.net\/?p=7934","title":{"rendered":"Trump attaque Elon Musk : \u201cIl devrait rentrer chez lui en Afrique du Sud\u201d"},"content":{"rendered":"<p>Washington, 1er juillet 2025 \u2014 Le ton monte \u00e0 nouveau entre Donald Trump et Elon Musk. Apr\u00e8s une br\u00e8ve tr\u00eave dans leurs \u00e9changes houleux, le pr\u00e9sident am\u00e9ricain a lanc\u00e9 une attaque frontale contre le patron de Tesla, l\u2019accusant de vouloir faire campagne contre lui via ce qu\u2019il appelle le \u201cParti de l\u2019Am\u00e9rique\u201d.<\/p>\n<p>Dans un message publi\u00e9 sur sa plateforme Truth Social, Trump a d\u00e9clar\u00e9 qu\u2019Elon Musk \u201cdevrait probablement fermer boutique et rentrer chez lui en Afrique du Sud\u201d si les subventions f\u00e9d\u00e9rales venaient \u00e0 \u00eatre supprim\u00e9es. Une allusion directe \u00e0 l\u2019origine sud-africaine de l\u2019entrepreneur, per\u00e7ue par beaucoup comme une tentative de disqualification politique.<\/p>\n<p>Cette sortie intervient alors que Musk aurait exprim\u00e9 l\u2019intention de soutenir activement un mouvement politique ind\u00e9pendant, critique de la politique budg\u00e9taire men\u00e9e par Trump. Selon certaines sources proches du dossier, Musk envisagerait de mobiliser une plateforme citoyenne oppos\u00e9e aux d\u00e9penses militaires et aux avantages fiscaux des grandes fortunes, un programme frontalement oppos\u00e9 \u00e0 celui du pr\u00e9sident.<\/p>\n<p>Rappelons que malgr\u00e9 leurs relations tendues, les deux hommes avaient r\u00e9cemment tent\u00e9 un rapprochement, Musk admettant m\u00eame avoir \u201c\u00e9t\u00e9 trop loin\u201d dans ses critiques pr\u00e9c\u00e9dentes envers Trump. Mais cet \u00e9pisode semble d\u00e9sormais clos, laissant place \u00e0 un nouveau bras de fer politico-\u00e9conomique.<\/p>\n<p>L\u2019\u00e9quipe de Musk n\u2019a pas encore officiellement r\u00e9agi aux propos de Trump, mais plusieurs soutiens du milliardaire ont d\u00e9nonc\u00e9 des d\u00e9clarations \u201cx\u00e9nophobes et indignes d\u2019un chef d\u2019\u00c9tat\u201d.<\/p>\n<p>Un duel aux allures de guerre ouverte entre deux titans de l\u2019influence am\u00e9ricaine.<\/p>\n<p>www.burkinaonline.net<\/p>\n","protected":false},"excerpt":{"rendered":"<p>Washington, 1er juillet 2025 \u2014 Le ton monte \u00e0 nouveau entre Donald Trump et Elon&#8230;<\/p>\n","protected":false},"author":1,"featured_media":7935,"comment_status":"open","ping_status":"open","sticky":false,"template":"","format":"standard","meta":{"footnotes":""},"categories":[8,18,11],"tags":[],"class_list":["post-7934","post","type-post","status-publish","format-standard","has-post-thumbnail","hentry","category-post","category-international","category-politique"],"_links":{"self":[{"href":"https:\/\/burkinaonline.net\/index.php?rest_route=\/wp\/v2\/posts\/7934","targetHints":{"allow":["GET"]}}],"collection":[{"href":"https:\/\/burkinaonline.net\/index.php?rest_route=\/wp\/v2\/posts"}],"about":[{"href":"https:\/\/burkinaonline.net\/index.php?rest_route=\/wp\/v2\/types\/post"}],"author":[{"embeddable":true,"href":"https:\/\/burkinaonline.net\/index.php?rest_route=\/wp\/v2\/users\/1"}],"replies":[{"embeddable":true,"href":"https:\/\/burkinaonline.net\/index.php?rest_route=%2Fwp%2Fv2%2Fcomments&post=7934"}],"version-history":[{"count":1,"href":"https:\/\/burkinaonline.net\/index.php?rest_route=\/wp\/v2\/posts\/7934\/revisions"}],"predecessor-version":[{"id":7936,"href":"https:\/\/burkinaonline.net\/index.php?rest_route=\/wp\/v2\/posts\/7934\/revisions\/7936"}],"wp:featuredmedia":[{"embeddable":true,"href":"https:\/\/burkinaonline.net\/index.php?rest_route=\/wp\/v2\/media\/7935"}],"wp:attachment":[{"href":"https:\/\/burkinaonline.net\/index.php?rest_route=%2Fwp%2Fv2%2Fmedia&parent=7934"}],"wp:term":[{"taxonomy":"category","embeddable":true,"href":"https:\/\/burkinaonline.net\/index.php?rest_route=%2Fwp%2Fv2%2Fcategories&post=7934"},{"taxonomy":"post_tag","embeddable":true,"href":"https:\/\/burkinaonline.net\/index.php?rest_route=%2Fwp%2Fv2%2Ftags&post=7934"}],"curies":[{"name":"wp","href":"https:\/\/api.w.org\/{rel}","templated":true}]}}