{"id":7938,"date":"2025-07-01T15:01:41","date_gmt":"2025-07-01T15:01:41","guid":{"rendered":"https:\/\/burkinaonline.net\/?p=7938"},"modified":"2025-07-01T15:09:12","modified_gmt":"2025-07-01T15:09:12","slug":"7938","status":"publish","type":"post","link":"https:\/\/burkinaonline.net\/?p=7938","title":{"rendered":"Mali : Offensive terr0riste massive, l\u2019arm\u00e9e malienne neutralise plus de 80 assaillants"},"content":{"rendered":"<p class=\"p1\"><span class=\"s2\">Bamako \u2013<\/span><span class=\"s1\">Ce mardi 1er juillet 2025, les Forces arm\u00e9es maliennes (FAMa) ont neutralis\u00e9 plus de 80 terroristes lors d\u2019une vaste offensive lanc\u00e9e simultan\u00e9ment contre plusieurs localit\u00e9s du pays. L\u2019information a \u00e9t\u00e9 rendue publique dans une allocution faite\u00a0 par un haut-grad\u00e9 de l\u2019arm\u00e9e sur la page officielle des FAMa.<\/span><\/p>\n<p class=\"p1\"><span class=\"s1\">Les attaques, men\u00e9es de fa\u00e7on coordonn\u00e9e par des groupes arm\u00e9s terroristes soutenus par des \u201csponsors ext\u00e9rieurs\u201d selon l\u2019\u00e9tat-major, ont vis\u00e9 les localit\u00e9s de Nyono, Molodo (o\u00f9 des tirs d\u2019obus ont \u00e9t\u00e9 enregistr\u00e9s), Sandar\u00e9, Kay, Diboli, Nioro du Sahel et Gougui. Ces attaques ont vis\u00e9 \u00e0 la fois des civils et des positions strat\u00e9giques des forces de d\u00e9fense et de s\u00e9curit\u00e9.<\/span><\/p>\n<p class=\"p1\"><span class=\"s1\">La r\u00e9action rapide et d\u00e9termin\u00e9e des FAMa a permis de contenir les offensives. Le bilan provisoire fait \u00e9tat de plus de 80 terroristes neutralis\u00e9s, ainsi que la r\u00e9cup\u00e9ration d\u2019un important arsenal : des armes, des munitions, des dispositifs de communication (radiothalcus), des motos et des v\u00e9hicules.<\/span><\/p>\n<p class=\"p1\"><span class=\"s1\">Le commandement militaire a salu\u00e9 l\u2019engagement de ses troupes ainsi que le soutien des populations, appelant \u00e0 poursuivre la coop\u00e9ration civilo-militaire :<\/span><\/p>\n<p class=\"p3\"><span class=\"s1\">\u00ab Aidez-nous \u00e0 vous s\u00e9curiser car c\u2019est notre mission, m\u00eame si cela doit se faire au prix de notre sang. \u00bb<\/span><\/p>\n<p class=\"p3\"><span class=\"s1\">Cette d\u00e9claration r\u00e9affirme la volont\u00e9 de l\u2019arm\u00e9e malienne de lutter sans rel\u00e2che contre le terrorisme et de d\u00e9fendre la souverainet\u00e9 nationale.<\/span><\/p>\n<p class=\"p5\">www.burkinaonline.net<\/p>\n<p class=\"p5\">\n","protected":false},"excerpt":{"rendered":"<p>Bamako \u2013Ce mardi 1er juillet 2025, les Forces arm\u00e9es maliennes (FAMa) ont neutralis\u00e9 plus de&#8230;<\/p>\n","protected":false},"author":1,"featured_media":7940,"comment_status":"open","ping_status":"open","sticky":false,"template":"","format":"standard","meta":{"footnotes":""},"categories":[8,30,12],"tags":[],"class_list":["post-7938","post","type-post","status-publish","format-standard","has-post-thumbnail","hentry","category-post","category-aes","category-terrorisme"],"_links":{"self":[{"href":"https:\/\/burkinaonline.net\/index.php?rest_route=\/wp\/v2\/posts\/7938","targetHints":{"allow":["GET"]}}],"collection":[{"href":"https:\/\/burkinaonline.net\/index.php?rest_route=\/wp\/v2\/posts"}],"about":[{"href":"https:\/\/burkinaonline.net\/index.php?rest_route=\/wp\/v2\/types\/post"}],"author":[{"embeddable":true,"href":"https:\/\/burkinaonline.net\/index.php?rest_route=\/wp\/v2\/users\/1"}],"replies":[{"embeddable":true,"href":"https:\/\/burkinaonline.net\/index.php?rest_route=%2Fwp%2Fv2%2Fcomments&post=7938"}],"version-history":[{"count":4,"href":"https:\/\/burkinaonline.net\/index.php?rest_route=\/wp\/v2\/posts\/7938\/revisions"}],"predecessor-version":[{"id":7946,"href":"https:\/\/burkinaonline.net\/index.php?rest_route=\/wp\/v2\/posts\/7938\/revisions\/7946"}],"wp:featuredmedia":[{"embeddable":true,"href":"https:\/\/burkinaonline.net\/index.php?rest_route=\/wp\/v2\/media\/7940"}],"wp:attachment":[{"href":"https:\/\/burkinaonline.net\/index.php?rest_route=%2Fwp%2Fv2%2Fmedia&parent=7938"}],"wp:term":[{"taxonomy":"category","embeddable":true,"href":"https:\/\/burkinaonline.net\/index.php?rest_route=%2Fwp%2Fv2%2Fcategories&post=7938"},{"taxonomy":"post_tag","embeddable":true,"href":"https:\/\/burkinaonline.net\/index.php?rest_route=%2Fwp%2Fv2%2Ftags&post=7938"}],"curies":[{"name":"wp","href":"https:\/\/api.w.org\/{rel}","templated":true}]}}