{"id":7947,"date":"2025-07-02T08:58:03","date_gmt":"2025-07-02T08:58:03","guid":{"rendered":"https:\/\/burkinaonline.net\/?p=7947"},"modified":"2025-07-02T08:58:03","modified_gmt":"2025-07-02T08:58:03","slug":"presidentielles-2025-en-cote-divoire-alassane-ouattara-vise-par-une-requete-pour-double-nationalite","status":"publish","type":"post","link":"https:\/\/burkinaonline.net\/?p=7947","title":{"rendered":"Pr\u00e9sidentielles 2025 en C\u00f4te d\u2019Ivoire : Alassane Ouattara vis\u00e9 par une requ\u00eate pour double nationalit\u00e9"},"content":{"rendered":"<p>La course vers la pr\u00e9sidentielle ivoirienne de 2025 s\u2019intensifie, avec une nouvelle pol\u00e9mique qui vient secouer le paysage politique : le Dr Ousmane Camara a officiellement saisi le Conseil constitutionnel pour contester la nationalit\u00e9 ivoirienne d\u2019Alassane Ouattara, actuel pr\u00e9sident de la R\u00e9publique. En cause, une pr\u00e9sum\u00e9e double nationalit\u00e9 burkinab\u00e8-ivoirienne.<\/p>\n<p>Dans sa d\u00e9claration, Dr Camara affirme qu\u2019aucune preuve publique de renonciation \u00e0 la nationalit\u00e9 burkinab\u00e8 n\u2019a \u00e9t\u00e9 fournie par Alassane Ouattara depuis 1985, date \u00e0 laquelle ce dernier aurait acquis la nationalit\u00e9 ivoirienne. Pour lui, cela remet en question la l\u00e9gitimit\u00e9 de ses mandats pr\u00e9sidentiels, mais surtout, sa potentielle candidature \u00e0 un nouveau mandat.<\/p>\n<p>\u00ab\u202fNous ne sommes pas dans une logique de conqu\u00eate personnelle du pouvoir, mais dans une exigence de v\u00e9rit\u00e9 constitutionnelle,\u202f\u00bb a-t-il pr\u00e9cis\u00e9. Il accuse \u00e9galement le syst\u00e8me actuel d\u2019\u00eatre verrouill\u00e9 en faveur d\u2019un seul homme, appelant le Conseil constitutionnel \u00e0 appliquer le droit de mani\u00e8re impartiale.<\/p>\n<p>Le requ\u00e9rant \u00e9voque \u00e9galement un pr\u00e9c\u00e9dent : le rejet des candidatures de Laurent Gbagbo et de Tidjane Thiam, estimant que les m\u00eames crit\u00e8res doivent \u00eatre appliqu\u00e9s \u00e0 tous. \u00ab\u202fLa loi ne peut \u00eatre \u00e0 g\u00e9om\u00e9trie variable\u202f\u00bb, insiste-t-il, ajoutant que la d\u00e9cision du Conseil dira clairement si la C\u00f4te d\u2019Ivoire est un \u00c9tat de droit ou non.<\/p>\n<p>Pour l\u2019heure, aucune r\u00e9action officielle n\u2019a \u00e9t\u00e9 \u00e9mise par le camp pr\u00e9sidentiel ni par les autorit\u00e9s judiciaires. Cette requ\u00eate, toutefois, ouvre un nouveau front juridique et politique \u00e0 quelques mois d\u2019une \u00e9lection d\u00e9j\u00e0 tr\u00e8s attendue et sous haute tension.<\/p>\n<p>www.burkinaonl\u00eene.net<\/p>\n","protected":false},"excerpt":{"rendered":"<p>La course vers la pr\u00e9sidentielle ivoirienne de 2025 s\u2019intensifie, avec une nouvelle pol\u00e9mique qui vient&#8230;<\/p>\n","protected":false},"author":1,"featured_media":7948,"comment_status":"open","ping_status":"open","sticky":false,"template":"","format":"standard","meta":{"footnotes":""},"categories":[8,18,11],"tags":[],"class_list":["post-7947","post","type-post","status-publish","format-standard","has-post-thumbnail","hentry","category-post","category-international","category-politique"],"_links":{"self":[{"href":"https:\/\/burkinaonline.net\/index.php?rest_route=\/wp\/v2\/posts\/7947","targetHints":{"allow":["GET"]}}],"collection":[{"href":"https:\/\/burkinaonline.net\/index.php?rest_route=\/wp\/v2\/posts"}],"about":[{"href":"https:\/\/burkinaonline.net\/index.php?rest_route=\/wp\/v2\/types\/post"}],"author":[{"embeddable":true,"href":"https:\/\/burkinaonline.net\/index.php?rest_route=\/wp\/v2\/users\/1"}],"replies":[{"embeddable":true,"href":"https:\/\/burkinaonline.net\/index.php?rest_route=%2Fwp%2Fv2%2Fcomments&post=7947"}],"version-history":[{"count":1,"href":"https:\/\/burkinaonline.net\/index.php?rest_route=\/wp\/v2\/posts\/7947\/revisions"}],"predecessor-version":[{"id":7949,"href":"https:\/\/burkinaonline.net\/index.php?rest_route=\/wp\/v2\/posts\/7947\/revisions\/7949"}],"wp:featuredmedia":[{"embeddable":true,"href":"https:\/\/burkinaonline.net\/index.php?rest_route=\/wp\/v2\/media\/7948"}],"wp:attachment":[{"href":"https:\/\/burkinaonline.net\/index.php?rest_route=%2Fwp%2Fv2%2Fmedia&parent=7947"}],"wp:term":[{"taxonomy":"category","embeddable":true,"href":"https:\/\/burkinaonline.net\/index.php?rest_route=%2Fwp%2Fv2%2Fcategories&post=7947"},{"taxonomy":"post_tag","embeddable":true,"href":"https:\/\/burkinaonline.net\/index.php?rest_route=%2Fwp%2Fv2%2Ftags&post=7947"}],"curies":[{"name":"wp","href":"https:\/\/api.w.org\/{rel}","templated":true}]}}