{"id":7951,"date":"2025-07-02T13:07:20","date_gmt":"2025-07-02T13:07:20","guid":{"rendered":"https:\/\/burkinaonline.net\/?p=7951"},"modified":"2025-07-02T13:43:45","modified_gmt":"2025-07-02T13:43:45","slug":"justice-loperateur-economique-burkinabe-apollinaire-compaore-porte-plainte-contre-un-homme-daffaires-malien-pour-une-escroquerie-presumee-de-plusieurs-milliards-fcfa","status":"publish","type":"post","link":"https:\/\/burkinaonline.net\/?p=7951","title":{"rendered":"Justice : L\u2019op\u00e9rateur \u00e9conomique burkinab\u00e8 Apollinaire Compaor\u00e9 porte plainte contre un homme d\u2019affaires malien pour une escroquerie pr\u00e9sum\u00e9e de plusieurs milliards FCFA"},"content":{"rendered":"<p class=\"p1\"><span class=\"s1\">Le monde des affaires ouest-africain est secou\u00e9 par une affaire retentissante d\u2019escroquerie et de blanchiment de capitaux pr\u00e9sum\u00e9s impliquant Boubacar Sidiki Sangar\u00e9, plus connu sous les initiales BSS, homme d\u2019affaires malien \u00e9tabli de longue date \u00e0 Abidjan. Le plaignant dans cette affaire n\u2019est autre qu\u2019Apollinaire Compaor\u00e9, figure de premier plan de l\u2019\u00e9conomie burkinab\u00e8.<\/span><\/p>\n<p class=\"p1\"><span class=\"s1\">Selon des sources concordantes, dont <\/span><span class=\"s2\">CrocInfos<\/span><span class=\"s1\"> et <\/span><span class=\"s2\">La Fraternit\u00e9<\/span><span class=\"s1\">, Apollinaire Compaor\u00e9 a d\u00e9pos\u00e9 plainte le 24 juin 2025 aupr\u00e8s du P\u00f4le p\u00e9nal \u00e9conomique et financier d\u2019Abidjan (PPEF). Il accuse BSS de l\u2019avoir escroqu\u00e9 \u00e0 hauteur de 3,1 milliards FCFA, somme vers\u00e9e dans le cadre d\u2019un projet d\u2019investissement qui s\u2019est r\u00e9v\u00e9l\u00e9 fictif. Les fonds ont \u00e9t\u00e9 transf\u00e9r\u00e9s sur le compte de la soci\u00e9t\u00e9 Socaf, appartenant \u00e0 BSS.<\/span><\/p>\n<p class=\"p1\"><span class=\"s1\">L\u2019homme d\u2019affaires malien a \u00e9t\u00e9 inculp\u00e9 et plac\u00e9 en d\u00e9tention \u00e0 la Maison d\u2019arr\u00eat et de correction d\u2019Abidjan (MACA). Le parquet a requis 20 ans de prison ferme et une amende de 15 milliards FCFA, ainsi que des peines suppl\u00e9mentaires \u00e0 l\u2019encontre de son pr\u00e9sum\u00e9 complice, Apollinaire Bathily. Le verdict est attendu pour le 16 juillet 2025.<\/span><\/p>\n<p class=\"p1\"><span class=\"s1\">Le parquet a dress\u00e9 un portrait accablant de BSS, le d\u00e9crivant comme un habitu\u00e9 des circuits judiciaires ivoiriens, usant de son influence et de son r\u00e9seau pour s\u2019afficher aupr\u00e8s des autorit\u00e9s, organiser des \u00e9v\u00e9nements flamboyants, et gagner la confiance de ses cibles avant de dispara\u00eetre avec les fonds.\u00a0<\/span><\/p>\n<p class=\"p1\"><span class=\"s1\">\ud83d\ude80<\/span><span class=\"s2\"> Formation en Intelligence Artificielle \u00e0 Ouagadougou \u2013 Samedi 05<span class=\"Apple-converted-space\">\u00a0 <\/span>juillet 2025 !<\/span><span class=\"s1\"> Plus d\u2019info : 77 76 77 77 (Whatsapp) \u00a0ou cliquer sur ce lien <a href=\"http:\/\/wa.me\/77767777\">wa.me\/77767777<\/a><\/span><\/p>\n<p class=\"p1\"><span class=\"s1\">Cette affaire pourrait n\u2019\u00eatre que la partie \u00e9merg\u00e9e de l\u2019iceberg : plusieurs autres plaintes similaires seraient en cours en C\u00f4te d\u2019Ivoire et au Mali. Pourtant, BSS b\u00e9n\u00e9ficiait jusqu\u2019alors d\u2019une image positive au Mali, notamment gr\u00e2ce \u00e0 ses actions philanthropiques dans le cadre du Mouvement BSS, lanc\u00e9 en 2021 \u00e0 Bamako. \u00c0 cette occasion, il avait promis un soutien financier mensuel \u00e0 la jeunesse de la Commune IV, en plus de projets sociaux dans l\u2019\u00e9ducation, la sant\u00e9 et l\u2019hygi\u00e8ne.<\/span><\/p>\n<p class=\"p1\"><span class=\"s2\">Cette affaire, au croisement des grandes fortunes et des d\u00e9rives financi\u00e8res transfrontali\u00e8res, soul\u00e8ve des questions sur la vigilance des milieux d\u2019affaires et la n\u00e9cessit\u00e9 de renforcer la r\u00e9gulation dans l\u2019espace ouest-africain.<\/span><\/p>\n<p class=\"p1\"><span class=\"s2\">www.burkinaonline.net<\/span><\/p>\n<p>&nbsp;<\/p>\n","protected":false},"excerpt":{"rendered":"<p>Le monde des affaires ouest-africain est secou\u00e9 par une affaire retentissante d\u2019escroquerie et de blanchiment&#8230;<\/p>\n","protected":false},"author":1,"featured_media":7952,"comment_status":"open","ping_status":"open","sticky":false,"template":"","format":"standard","meta":{"footnotes":""},"categories":[8,10,15,13],"tags":[],"class_list":["post-7951","post","type-post","status-publish","format-standard","has-post-thumbnail","hentry","category-post","category-burkina-faso","category-economie","category-societe"],"_links":{"self":[{"href":"https:\/\/burkinaonline.net\/index.php?rest_route=\/wp\/v2\/posts\/7951","targetHints":{"allow":["GET"]}}],"collection":[{"href":"https:\/\/burkinaonline.net\/index.php?rest_route=\/wp\/v2\/posts"}],"about":[{"href":"https:\/\/burkinaonline.net\/index.php?rest_route=\/wp\/v2\/types\/post"}],"author":[{"embeddable":true,"href":"https:\/\/burkinaonline.net\/index.php?rest_route=\/wp\/v2\/users\/1"}],"replies":[{"embeddable":true,"href":"https:\/\/burkinaonline.net\/index.php?rest_route=%2Fwp%2Fv2%2Fcomments&post=7951"}],"version-history":[{"count":6,"href":"https:\/\/burkinaonline.net\/index.php?rest_route=\/wp\/v2\/posts\/7951\/revisions"}],"predecessor-version":[{"id":7959,"href":"https:\/\/burkinaonline.net\/index.php?rest_route=\/wp\/v2\/posts\/7951\/revisions\/7959"}],"wp:featuredmedia":[{"embeddable":true,"href":"https:\/\/burkinaonline.net\/index.php?rest_route=\/wp\/v2\/media\/7952"}],"wp:attachment":[{"href":"https:\/\/burkinaonline.net\/index.php?rest_route=%2Fwp%2Fv2%2Fmedia&parent=7951"}],"wp:term":[{"taxonomy":"category","embeddable":true,"href":"https:\/\/burkinaonline.net\/index.php?rest_route=%2Fwp%2Fv2%2Fcategories&post=7951"},{"taxonomy":"post_tag","embeddable":true,"href":"https:\/\/burkinaonline.net\/index.php?rest_route=%2Fwp%2Fv2%2Ftags&post=7951"}],"curies":[{"name":"wp","href":"https:\/\/api.w.org\/{rel}","templated":true}]}}