{"id":7961,"date":"2025-07-02T14:59:41","date_gmt":"2025-07-02T14:59:41","guid":{"rendered":"https:\/\/burkinaonline.net\/?p=7961"},"modified":"2025-07-02T14:59:41","modified_gmt":"2025-07-02T14:59:41","slug":"capacites-militaires-europeennes-selon-kiel-et-bruegel-leurope-reste-vulnerable-face-a-la-russie","status":"publish","type":"post","link":"https:\/\/burkinaonline.net\/?p=7961","title":{"rendered":"Capacit\u00e9s militaires europ\u00e9ennes : selon Kiel et Bruegel, l\u2019Europe reste vuln\u00e9rable face \u00e0 la Russie"},"content":{"rendered":"<p class=\"p1\">\u00c0 l\u2019heure o\u00f9 les tensions g\u00e9opolitiques en Europe de l\u2019Est demeurent vives, une \u00e9tude conjointe du Kiel Institute for the World Economy et du think tank bruxellois Bruegel dresse un constat inqui\u00e9tant : l\u2019Europe n\u2019est pas pr\u00eate \u00e0 faire face seule \u00e0 une \u00e9ventuelle confrontation militaire avec la Russie d\u2019ici 2030.<\/p>\n<p class=\"p1\"><span class=\"s1\">Intitul\u00e9e \u201cFit for War by 2030?\u201d, cette analyse, publi\u00e9e initialement en septembre 2024 et mise \u00e0 jour en juin 2025, examine les efforts de r\u00e9armement europ\u00e9ens \u00e0 la lumi\u00e8re des besoins strat\u00e9giques impos\u00e9s par la guerre en Ukraine et l\u2019\u00e9volution des d\u00e9penses militaires russes.<\/span><\/p>\n<p class=\"p1\"><span class=\"s1\">Une production militaire encore insuffisante<\/span><\/p>\n<p class=\"p1\"><span class=\"s1\">Malgr\u00e9 des budgets de d\u00e9fense en hausse dans la plupart des pays europ\u00e9ens, les auteurs de l\u2019\u00e9tude estiment que les capacit\u00e9s industrielles restent tr\u00e8s en de\u00e7\u00e0 des standards russes. Pour esp\u00e9rer atteindre un niveau d\u2019autonomie militaire cr\u00e9dible d\u2019ici \u00e0 la fin de la d\u00e9cennie, l\u2019Europe devrait quintupler voire sextupler sa production de mat\u00e9riel lourd (chars, v\u00e9hicules blind\u00e9s, munitions, etc.).<\/span><\/p>\n<p class=\"p1\"><span class=\"s1\">Les retards dans les livraisons \u2013 souvent sup\u00e9rieurs \u00e0 trois ans \u2013 et la fragmentation du march\u00e9 europ\u00e9en de l\u2019armement, o\u00f9 les \u00c9tats commandent de fa\u00e7on isol\u00e9e, aggravent les d\u00e9lais et les co\u00fbts. Cette absence de coordination nuit fortement \u00e0 l\u2019efficacit\u00e9 des investissements consentis.<\/span><\/p>\n<p class=\"p1\"><span class=\"s1\">Une d\u00e9pendance persistante aux \u00c9tats-Unis<\/span><\/p>\n<p class=\"p1\"><span class=\"s1\">L\u2019\u00e9tude souligne \u00e9galement la d\u00e9pendance persistante de l\u2019Europe vis-\u00e0-vis des \u00c9tats-Unis, notamment pour les fonctions strat\u00e9giques telles que le renseignement, la logistique, les frappes \u00e0 longue port\u00e9e ou encore le commandement int\u00e9gr\u00e9. Une situation jug\u00e9e intenable dans un contexte o\u00f9 le soutien am\u00e9ricain pourrait se red\u00e9finir ou diminuer, notamment en fonction des prochaines \u00e9ch\u00e9ances \u00e9lectorales \u00e0 Washington.<\/span><\/p>\n<p class=\"p1\"><span class=\"s1\">Un effort budg\u00e9taire encore trop timide<\/span><\/p>\n<p class=\"p1\"><span class=\"s1\">Pour combler ce retard, l\u2019\u00e9tude recommande aux \u00c9tats europ\u00e9ens d\u2019investir collectivement au moins 250 milliards d\u2019euros par an, soit environ 1,5 % du PIB europ\u00e9en, tout en am\u00e9liorant fortement la coordination des achats et la mutualisation des capacit\u00e9s. \u00c0 titre de comparaison, la Russie consacre actuellement plus de 6 % de son PIB \u00e0 son effort militaire.<\/span><\/p>\n<p class=\"p1\"><span class=\"s1\">L\u2019Europe \u00e0 la crois\u00e9e des chemins<\/span><\/p>\n<p class=\"p1\"><span class=\"s1\">L\u2019\u00e9tude du Kiel Institute et de Bruegel sonne comme un appel \u00e0 l\u2019action. Alors que la Russie poursuit sa militarisation rapide, l\u2019Europe ne dispose, selon les chercheurs, que de cinq ann\u00e9es pour \u00e9viter une d\u00e9pendance militaire prolong\u00e9e ou une vuln\u00e9rabilit\u00e9 strat\u00e9gique.<\/span><\/p>\n<p class=\"p1\"><span class=\"s1\">La conclusion est claire : sans une r\u00e9ponse unifi\u00e9e, ambitieuse et structur\u00e9e, l\u2019Europe restera incapable de se d\u00e9fendre seule en cas de retrait du parapluie am\u00e9ricain. Une situation qui remet en question les fondements m\u00eames de l\u2019autonomie strat\u00e9gique du continent<\/span><\/p>\n<p class=\"p1\"><span class=\"s1\">www.butkinaonline.net<\/span><\/p>\n","protected":false},"excerpt":{"rendered":"<p>\u00c0 l\u2019heure o\u00f9 les tensions g\u00e9opolitiques en Europe de l\u2019Est demeurent vives, une \u00e9tude conjointe&#8230;<\/p>\n","protected":false},"author":1,"featured_media":7962,"comment_status":"open","ping_status":"open","sticky":false,"template":"","format":"standard","meta":{"footnotes":""},"categories":[8,18],"tags":[],"class_list":["post-7961","post","type-post","status-publish","format-standard","has-post-thumbnail","hentry","category-post","category-international"],"_links":{"self":[{"href":"https:\/\/burkinaonline.net\/index.php?rest_route=\/wp\/v2\/posts\/7961","targetHints":{"allow":["GET"]}}],"collection":[{"href":"https:\/\/burkinaonline.net\/index.php?rest_route=\/wp\/v2\/posts"}],"about":[{"href":"https:\/\/burkinaonline.net\/index.php?rest_route=\/wp\/v2\/types\/post"}],"author":[{"embeddable":true,"href":"https:\/\/burkinaonline.net\/index.php?rest_route=\/wp\/v2\/users\/1"}],"replies":[{"embeddable":true,"href":"https:\/\/burkinaonline.net\/index.php?rest_route=%2Fwp%2Fv2%2Fcomments&post=7961"}],"version-history":[{"count":1,"href":"https:\/\/burkinaonline.net\/index.php?rest_route=\/wp\/v2\/posts\/7961\/revisions"}],"predecessor-version":[{"id":7963,"href":"https:\/\/burkinaonline.net\/index.php?rest_route=\/wp\/v2\/posts\/7961\/revisions\/7963"}],"wp:featuredmedia":[{"embeddable":true,"href":"https:\/\/burkinaonline.net\/index.php?rest_route=\/wp\/v2\/media\/7962"}],"wp:attachment":[{"href":"https:\/\/burkinaonline.net\/index.php?rest_route=%2Fwp%2Fv2%2Fmedia&parent=7961"}],"wp:term":[{"taxonomy":"category","embeddable":true,"href":"https:\/\/burkinaonline.net\/index.php?rest_route=%2Fwp%2Fv2%2Fcategories&post=7961"},{"taxonomy":"post_tag","embeddable":true,"href":"https:\/\/burkinaonline.net\/index.php?rest_route=%2Fwp%2Fv2%2Ftags&post=7961"}],"curies":[{"name":"wp","href":"https:\/\/api.w.org\/{rel}","templated":true}]}}