{"id":7977,"date":"2025-07-04T17:07:21","date_gmt":"2025-07-04T17:07:21","guid":{"rendered":"https:\/\/burkinaonline.net\/?p=7977"},"modified":"2025-07-04T17:48:08","modified_gmt":"2025-07-04T17:48:08","slug":"cimaf-burkina-faso-un-acte-de-solidarite-exemplaire-avec-un-don-de-1-000-tonnes-de-ciment-dune-valeur-100-millions-de-francs-cfa-au-ministere-de-laction-humanitaire-et-de-la-solidar","status":"publish","type":"post","link":"https:\/\/burkinaonline.net\/?p=7977","title":{"rendered":"CIMAF Burkina Faso : Un acte de solidarit\u00e9 exemplaire avec un don de 1 000 tonnes de ciment (d\u00b4une valeur 100 millions de francs CFA) au minist\u00e8re de l\u2019Action humanitaire et de la Solidarit\u00e9 nationale"},"content":{"rendered":"<p class=\"p2\"><span class=\"s1\">Dans un contexte national marqu\u00e9 par une crise humanitaire profonde, CIMAF Burkina Faso a pos\u00e9 un geste d\u2019une port\u00e9e symbolique et sociale majeure. Ce vendredi, 04 juillet 2025, l\u2019entreprise a officiellement remis au minist\u00e8re de l\u2019Action humanitaire et de la Solidarit\u00e9 nationale un don de 1 000 tonnes de ciment, d\u2019une valeur estim\u00e9e \u00e0 100 millions de francs CFA. Ce geste, au-del\u00e0 de son ampleur, est un signal fort de l\u2019engagement citoyen de CIMAF Burkina Faso.<\/span><\/p>\n<p class=\"p2\"><span class=\"s1\">La c\u00e9r\u00e9monie de remise a \u00e9t\u00e9 pr\u00e9sid\u00e9e par Madame Passowend\u00e9 P\u00e9lagie Kabor\u00e9, ministre en charge de l\u2019Action humanitaire, qui a salu\u00e9 l\u2019initiative comme \u00ab un acte hautement louable \u00bb, en droite ligne avec l\u2019appel \u00e0 la solidarit\u00e9 nationale lanc\u00e9 par le Pr\u00e9sident du Faso, le Capitaine Ibrahim Traor\u00e9.<\/span><\/p>\n<p class=\"p3\"><span class=\"s1\">\u00ab <\/span><span class=\"s2\">Nous venons d&rsquo;assister a un geste hautement louable de la part de CIMAF burkina. Un don de 1000 tonnes de ciment d&rsquo;une valeur de 100 millions de francs cfa qui a \u00e9t\u00e9 mat\u00e9rialis\u00e9 par le ch\u00e8que que nous venons de recevoir. Ce geste s&rsquo;inscrit dans le cadre de la r\u00e9ponse \u00e0 l&rsquo;appel a la solidarit\u00e9 lanc\u00e9 par le camarade pr\u00e9sident le capitaine Ibrahim Traor\u00e9 pour que nous puissions avoir des \u00e9lans de solidarit\u00e9 au profit des personnes vuln\u00e9rables de notre soci\u00e9t\u00e9 en g\u00e9n\u00e9ral et des d\u00e9plac\u00e9s internes en particulier, surtout dans le contexte de crise s\u00e9curitaire et humanitaire que nous vivons. C&rsquo;est l&rsquo;occasion pour moi de remercier CIMAF pour son geste qui vient renforcer les capacit\u00e9s du gouvernement et les efforts d\u00e9j\u00e0 d\u00e9ployer dans plusieurs projets<\/span><span class=\"s1\">\u00bb, a d\u00e9clar\u00e9 la ministre. Elle a \u00e9galement rappel\u00e9 que ce ciment servira notamment \u00e0 la construction de mille logements sociaux pour les d\u00e9plac\u00e9s, en cours dans plusieurs r\u00e9gions du pays, et facilitera leur retour dans leurs localit\u00e9s d\u2019origine.<\/span><\/p>\n<p class=\"p3\"><span class=\"s1\">Repr\u00e9sent\u00e9e par son Directeur G\u00e9n\u00e9ral, M. Ismaayl Hammi, accompagn\u00e9 du Directeur Marketing et Commercial, M. Claude Kompaor\u00e9, et du Responsable Marketing et relations publiques, M. Mohamed Kon\u00e9, CIMAF a montr\u00e9 que les entreprises ont un r\u00f4le essentiel \u00e0 jouer dans la reconstruction et la coh\u00e9sion nationale.<\/span><\/p>\n<p class=\"p3\"><span class=\"s1\">\u00ab Nous avons d\u00e9j\u00e0 concr\u00e9tis\u00e9 50 % de notre engagement avec la livraison de 500 tonnes. \u00a0Mille<\/span><span class=\"s2\">\u00a0tonnes peuvent sembler \u00e9normes pour chacun d&rsquo;entre nous, mais a l&rsquo;\u00e9chelle des d\u00e9fis que connais le pays, cela reste un geste modeste que nous apportons pour cet \u00e9lan de solidarit\u00e9.<\/span><span class=\"s1\"> \u00bb, a affirm\u00e9 M. Hammi.<\/span><\/p>\n<p class=\"p2\"><span class=\"s1\">Un exemple \u00e0 suivre<\/span><\/p>\n<p class=\"p2\"><span class=\"s1\">Le geste de CIMAF Burkina Faso est un mod\u00e8le de responsabilit\u00e9 soci\u00e9tale des entreprises (RSE). Il d\u00e9montre qu\u2019au-del\u00e0 de la recherche du profit, les entreprises peuvent se positionner comme acteurs de changement, capables de r\u00e9pondre aux besoins urgents des populations.<\/span><\/p>\n<p class=\"p2\"><span class=\"s1\">Dans une p\u00e9riode o\u00f9 la nation appelle \u00e0 l\u2019unit\u00e9 et \u00e0 la mobilisation de toutes les forces vives, cet engagement doit inspirer d\u2019autres entreprises \u00e0 embo\u00eeter le pas. Car aujourd\u2019hui, plus que jamais, chaque contribution compte.<\/span><\/p>\n<p class=\"p2\"><span class=\"s1\">CIMAF a su conjuguer action \u00e9conomique et devoir citoyen, montrant ainsi que la solidarit\u00e9 peut se traduire en actes concrets, porteurs d\u2019espoir et de dignit\u00e9 pour les plus vuln\u00e9rables.<\/span><\/p>\n<p>www.burkinaonline.net<\/p>\n<p><a href=\"http:\/\/burkinaonline.net\/wp-content\/uploads\/2025\/07\/IMG_7122-scaled.jpeg\"><img fetchpriority=\"high\" decoding=\"async\" class=\"alignnone size-medium wp-image-7981\" src=\"http:\/\/burkinaonline.net\/wp-content\/uploads\/2025\/07\/IMG_7122-300x225.jpeg\" alt=\"\" width=\"300\" height=\"225\" srcset=\"https:\/\/burkinaonline.net\/wp-content\/uploads\/2025\/07\/IMG_7122-300x225.jpeg 300w, https:\/\/burkinaonline.net\/wp-content\/uploads\/2025\/07\/IMG_7122-1024x768.jpeg 1024w, https:\/\/burkinaonline.net\/wp-content\/uploads\/2025\/07\/IMG_7122-768x576.jpeg 768w, https:\/\/burkinaonline.net\/wp-content\/uploads\/2025\/07\/IMG_7122-1536x1152.jpeg 1536w, https:\/\/burkinaonline.net\/wp-content\/uploads\/2025\/07\/IMG_7122-2048x1536.jpeg 2048w\" sizes=\"(max-width: 300px) 100vw, 300px\" \/><\/a> <a href=\"http:\/\/burkinaonline.net\/wp-content\/uploads\/2025\/07\/IMG_7113-1-scaled.jpeg\"><img decoding=\"async\" class=\"alignnone size-medium wp-image-7982\" src=\"http:\/\/burkinaonline.net\/wp-content\/uploads\/2025\/07\/IMG_7113-1-300x225.jpeg\" alt=\"\" width=\"300\" height=\"225\" srcset=\"https:\/\/burkinaonline.net\/wp-content\/uploads\/2025\/07\/IMG_7113-1-300x225.jpeg 300w, https:\/\/burkinaonline.net\/wp-content\/uploads\/2025\/07\/IMG_7113-1-1024x768.jpeg 1024w, https:\/\/burkinaonline.net\/wp-content\/uploads\/2025\/07\/IMG_7113-1-768x576.jpeg 768w, https:\/\/burkinaonline.net\/wp-content\/uploads\/2025\/07\/IMG_7113-1-1536x1152.jpeg 1536w, https:\/\/burkinaonline.net\/wp-content\/uploads\/2025\/07\/IMG_7113-1-2048x1536.jpeg 2048w\" sizes=\"(max-width: 300px) 100vw, 300px\" \/><\/a> <a href=\"http:\/\/burkinaonline.net\/wp-content\/uploads\/2025\/07\/IMG_7103-scaled.jpeg\"><img decoding=\"async\" class=\"alignnone size-medium wp-image-7983\" src=\"http:\/\/burkinaonline.net\/wp-content\/uploads\/2025\/07\/IMG_7103-300x225.jpeg\" alt=\"\" width=\"300\" height=\"225\" srcset=\"https:\/\/burkinaonline.net\/wp-content\/uploads\/2025\/07\/IMG_7103-300x225.jpeg 300w, https:\/\/burkinaonline.net\/wp-content\/uploads\/2025\/07\/IMG_7103-1024x768.jpeg 1024w, https:\/\/burkinaonline.net\/wp-content\/uploads\/2025\/07\/IMG_7103-768x576.jpeg 768w, https:\/\/burkinaonline.net\/wp-content\/uploads\/2025\/07\/IMG_7103-1536x1152.jpeg 1536w, https:\/\/burkinaonline.net\/wp-content\/uploads\/2025\/07\/IMG_7103-2048x1536.jpeg 2048w\" sizes=\"(max-width: 300px) 100vw, 300px\" \/><\/a> <a href=\"http:\/\/burkinaonline.net\/wp-content\/uploads\/2025\/07\/IMG_7104-scaled.jpeg\"><img loading=\"lazy\" decoding=\"async\" class=\"alignnone size-medium wp-image-7984\" src=\"http:\/\/burkinaonline.net\/wp-content\/uploads\/2025\/07\/IMG_7104-300x225.jpeg\" alt=\"\" width=\"300\" height=\"225\" srcset=\"https:\/\/burkinaonline.net\/wp-content\/uploads\/2025\/07\/IMG_7104-300x225.jpeg 300w, https:\/\/burkinaonline.net\/wp-content\/uploads\/2025\/07\/IMG_7104-1024x768.jpeg 1024w, https:\/\/burkinaonline.net\/wp-content\/uploads\/2025\/07\/IMG_7104-768x576.jpeg 768w, https:\/\/burkinaonline.net\/wp-content\/uploads\/2025\/07\/IMG_7104-1536x1152.jpeg 1536w, https:\/\/burkinaonline.net\/wp-content\/uploads\/2025\/07\/IMG_7104-2048x1536.jpeg 2048w\" sizes=\"(max-width: 300px) 100vw, 300px\" \/><\/a> <a href=\"http:\/\/burkinaonline.net\/wp-content\/uploads\/2025\/07\/IMG_7139-scaled.jpeg\"><img loading=\"lazy\" decoding=\"async\" class=\"alignnone size-medium wp-image-7986\" src=\"http:\/\/burkinaonline.net\/wp-content\/uploads\/2025\/07\/IMG_7139-300x225.jpeg\" alt=\"\" width=\"300\" height=\"225\" srcset=\"https:\/\/burkinaonline.net\/wp-content\/uploads\/2025\/07\/IMG_7139-300x225.jpeg 300w, https:\/\/burkinaonline.net\/wp-content\/uploads\/2025\/07\/IMG_7139-1024x768.jpeg 1024w, https:\/\/burkinaonline.net\/wp-content\/uploads\/2025\/07\/IMG_7139-768x576.jpeg 768w, https:\/\/burkinaonline.net\/wp-content\/uploads\/2025\/07\/IMG_7139-1536x1152.jpeg 1536w, https:\/\/burkinaonline.net\/wp-content\/uploads\/2025\/07\/IMG_7139-2048x1536.jpeg 2048w\" sizes=\"(max-width: 300px) 100vw, 300px\" \/><\/a> <a href=\"http:\/\/burkinaonline.net\/wp-content\/uploads\/2025\/07\/IMG_7136-scaled.jpeg\"><img loading=\"lazy\" decoding=\"async\" class=\"alignnone size-medium wp-image-7987\" src=\"http:\/\/burkinaonline.net\/wp-content\/uploads\/2025\/07\/IMG_7136-300x225.jpeg\" alt=\"\" width=\"300\" height=\"225\" srcset=\"https:\/\/burkinaonline.net\/wp-content\/uploads\/2025\/07\/IMG_7136-300x225.jpeg 300w, https:\/\/burkinaonline.net\/wp-content\/uploads\/2025\/07\/IMG_7136-1024x768.jpeg 1024w, https:\/\/burkinaonline.net\/wp-content\/uploads\/2025\/07\/IMG_7136-768x576.jpeg 768w, https:\/\/burkinaonline.net\/wp-content\/uploads\/2025\/07\/IMG_7136-1536x1152.jpeg 1536w, https:\/\/burkinaonline.net\/wp-content\/uploads\/2025\/07\/IMG_7136-2048x1536.jpeg 2048w\" sizes=\"(max-width: 300px) 100vw, 300px\" \/><\/a> <a href=\"http:\/\/burkinaonline.net\/wp-content\/uploads\/2025\/07\/IMG_7134-scaled.jpeg\"><img loading=\"lazy\" decoding=\"async\" class=\"alignnone size-medium wp-image-7989\" src=\"http:\/\/burkinaonline.net\/wp-content\/uploads\/2025\/07\/IMG_7134-300x225.jpeg\" alt=\"\" width=\"300\" height=\"225\" srcset=\"https:\/\/burkinaonline.net\/wp-content\/uploads\/2025\/07\/IMG_7134-300x225.jpeg 300w, https:\/\/burkinaonline.net\/wp-content\/uploads\/2025\/07\/IMG_7134-1024x768.jpeg 1024w, https:\/\/burkinaonline.net\/wp-content\/uploads\/2025\/07\/IMG_7134-768x576.jpeg 768w, https:\/\/burkinaonline.net\/wp-content\/uploads\/2025\/07\/IMG_7134-1536x1152.jpeg 1536w, https:\/\/burkinaonline.net\/wp-content\/uploads\/2025\/07\/IMG_7134-2048x1536.jpeg 2048w\" sizes=\"(max-width: 300px) 100vw, 300px\" \/><\/a> <a href=\"http:\/\/burkinaonline.net\/wp-content\/uploads\/2025\/07\/IMG_7138-scaled.jpeg\"><img loading=\"lazy\" decoding=\"async\" class=\"alignnone size-medium wp-image-7990\" src=\"http:\/\/burkinaonline.net\/wp-content\/uploads\/2025\/07\/IMG_7138-300x225.jpeg\" alt=\"\" width=\"300\" height=\"225\" srcset=\"https:\/\/burkinaonline.net\/wp-content\/uploads\/2025\/07\/IMG_7138-300x225.jpeg 300w, https:\/\/burkinaonline.net\/wp-content\/uploads\/2025\/07\/IMG_7138-1024x768.jpeg 1024w, https:\/\/burkinaonline.net\/wp-content\/uploads\/2025\/07\/IMG_7138-768x576.jpeg 768w, https:\/\/burkinaonline.net\/wp-content\/uploads\/2025\/07\/IMG_7138-1536x1152.jpeg 1536w, https:\/\/burkinaonline.net\/wp-content\/uploads\/2025\/07\/IMG_7138-2048x1536.jpeg 2048w\" sizes=\"(max-width: 300px) 100vw, 300px\" \/><\/a><\/p>\n","protected":false},"excerpt":{"rendered":"<p>Dans un contexte national marqu\u00e9 par une crise humanitaire profonde, CIMAF Burkina Faso a pos\u00e9&#8230;<\/p>\n","protected":false},"author":1,"featured_media":7978,"comment_status":"open","ping_status":"open","sticky":false,"template":"","format":"standard","meta":{"footnotes":""},"categories":[8,10,13],"tags":[],"class_list":["post-7977","post","type-post","status-publish","format-standard","has-post-thumbnail","hentry","category-post","category-burkina-faso","category-societe"],"_links":{"self":[{"href":"https:\/\/burkinaonline.net\/index.php?rest_route=\/wp\/v2\/posts\/7977","targetHints":{"allow":["GET"]}}],"collection":[{"href":"https:\/\/burkinaonline.net\/index.php?rest_route=\/wp\/v2\/posts"}],"about":[{"href":"https:\/\/burkinaonline.net\/index.php?rest_route=\/wp\/v2\/types\/post"}],"author":[{"embeddable":true,"href":"https:\/\/burkinaonline.net\/index.php?rest_route=\/wp\/v2\/users\/1"}],"replies":[{"embeddable":true,"href":"https:\/\/burkinaonline.net\/index.php?rest_route=%2Fwp%2Fv2%2Fcomments&post=7977"}],"version-history":[{"count":5,"href":"https:\/\/burkinaonline.net\/index.php?rest_route=\/wp\/v2\/posts\/7977\/revisions"}],"predecessor-version":[{"id":7994,"href":"https:\/\/burkinaonline.net\/index.php?rest_route=\/wp\/v2\/posts\/7977\/revisions\/7994"}],"wp:featuredmedia":[{"embeddable":true,"href":"https:\/\/burkinaonline.net\/index.php?rest_route=\/wp\/v2\/media\/7978"}],"wp:attachment":[{"href":"https:\/\/burkinaonline.net\/index.php?rest_route=%2Fwp%2Fv2%2Fmedia&parent=7977"}],"wp:term":[{"taxonomy":"category","embeddable":true,"href":"https:\/\/burkinaonline.net\/index.php?rest_route=%2Fwp%2Fv2%2Fcategories&post=7977"},{"taxonomy":"post_tag","embeddable":true,"href":"https:\/\/burkinaonline.net\/index.php?rest_route=%2Fwp%2Fv2%2Ftags&post=7977"}],"curies":[{"name":"wp","href":"https:\/\/api.w.org\/{rel}","templated":true}]}}