{"id":8018,"date":"2025-07-08T18:02:20","date_gmt":"2025-07-08T18:02:20","guid":{"rendered":"https:\/\/burkinaonline.net\/?p=8018"},"modified":"2025-07-08T18:14:29","modified_gmt":"2025-07-08T18:14:29","slug":"alpha-blondy-vole-au-secours-de-nathalie-yamb-et-interpelle-emmanuel-macron","status":"publish","type":"post","link":"https:\/\/burkinaonline.net\/?p=8018","title":{"rendered":"Fran\u00e7afrique : Alpha Blondy qualifie le b\u00e2illonnement de Nathalie Yamb de \u00abn\u00e9ocolonialisme\u00bb et   interpelle Emmanuel Macron"},"content":{"rendered":"<p class=\"p1\"><span class=\"s1\">Selon notre confr\u00e8re Burkina Yawana, la l\u00e9gende du reggae Alpha Blondy, dans une vid\u00e9o, a pris fermement position en faveur de l\u2019activiste Nathalie Yamb, r\u00e9cemment frapp\u00e9e par une interdiction d\u2019entr\u00e9e dans l\u2019Union europ\u00e9enne. Avec sa verve engag\u00e9e, le chanteur ivoirien a d\u00e9nonc\u00e9 ce qu\u2019il consid\u00e8re comme une atteinte \u00e0 la libert\u00e9 d\u2019expression et un retour d\u00e9guis\u00e9 \u00e0 la Fran\u00e7afrique.<\/span><\/p>\n<p class=\"p1\"><span class=\"s1\">Visiblement indign\u00e9, Alpha Blondy s\u2019est adress\u00e9 directement au pr\u00e9sident fran\u00e7ais Emmanuel Macron\u202f: \u00ab\u202fPourquoi Nathalie Yamb n\u2019a pas le droit de d\u00e9fendre son peuple\u202f? Elle aide les Africains \u00e0 retrouver confiance, \u00e0 se redresser, \u00e0 avoir un peu de dignit\u00e9. Ce n\u2019est pas un crime.\u202f\u00bb<\/span><\/p>\n<p class=\"p1\"><span class=\"s1\">Pour l\u2019artiste, l\u2019activiste helv\u00e9tico-camerounaise n\u2019a fait qu\u2019exprimer des opinions l\u00e9gitimes sur la situation au Mali, sur les relations internationales de l\u2019Afrique, et sur certains chefs d\u2019\u00c9tat du continent. \u00ab\u202fM\u00eame si elle critique Alassane Ouattara ou Macky Sall, ce sont ses fr\u00e8res. Elle a le droit de parler, de questionner\u202f\u00bb, insiste-t-il.<\/span><\/p>\n<p class=\"p1\"><span class=\"s1\">Initiez-vous \u00e0 l\u2019Intelligence Artificielle<span class=\"Apple-converted-space\">\u00a0 <\/span>\u00e0 Ouagadougou \u2013 Samedi 12 juillet 2025 !<\/span><\/p>\n<p class=\"p1\"><span class=\"s1\">Transformez votre avenir en une journ\u00e9e. Plus d\u2019info en cliquant sur ce lien Whatsapp <a href=\"http:\/\/wa.me\/77767777\">wa.me\/77767777<\/a><\/span><\/p>\n<p class=\"p1\"><span class=\"s1\">Alpha Blondy accuse aussi la France de pratiquer un deux poids deux mesures : \u00ab\u202fVos journalistes critiquent nos pr\u00e9sidents \u00e0 longueur de journ\u00e9e, m\u00eame dans votre Assembl\u00e9e nationale. Et maintenant vous voulez b\u00e2illonner Nathalie Yamb\u202f? Ce n\u2019est pas juste.\u202f\u00bb<\/span><\/p>\n<p class=\"p1\"><span class=\"s1\">Il d\u00e9plore que l\u2019activiste soit r\u00e9duite au silence au moment m\u00eame o\u00f9, selon lui, des milliers de jeunes Africains ont besoin d\u2019entendre ses messages. \u00ab\u202fSes paroles soignent nos blessures. Elle ne pr\u00f4ne pas la violence, elle appelle \u00e0 la dignit\u00e9. O\u00f9 est le mal\u202f?\u202f\u00bb<\/span><\/p>\n<p class=\"p1\"><span class=\"s1\">L\u2019interdiction d\u2019entr\u00e9e en Europe et le gel des avoirs de Nathalie Yamb sont le fruit d\u2019une d\u00e9cision du Conseil de l\u2019Union europ\u00e9enne, dat\u00e9e du 26 juin 2025. Bruxelles accuse l\u2019activiste d\u2019\u00eatre un relais d\u2019influence prorusse dans le cadre de campagnes jug\u00e9es d\u00e9stabilisatrices.<\/span><\/p>\n<p class=\"p1\"><span class=\"s1\">Mais pour Alpha Blondy, cette d\u00e9cision rel\u00e8ve d\u2019un n\u00e9ocolonialisme persistant : \u00ab\u202fVous dites que la Fran\u00e7afrique est finie, mais ce b\u00e2illon est pire. Cet esclavage n\u2019a que trop dur\u00e9. Il est temps que \u00e7a cesse.\u202f\u00bb<\/span><\/p>\n<p class=\"p1\"><span class=\"s1\">Par cette sortie, le reggaeman relance le d\u00e9bat sur la souverainet\u00e9, la libert\u00e9 d\u2019opinion et les relations entre l\u2019Afrique et ses anciens colonisateurs.<\/span><\/p>\n<p>www.burkinaonline.net<\/p>\n","protected":false},"excerpt":{"rendered":"<p>Selon notre confr\u00e8re Burkina Yawana, la l\u00e9gende du reggae Alpha Blondy, dans une vid\u00e9o, a&#8230;<\/p>\n","protected":false},"author":1,"featured_media":8019,"comment_status":"open","ping_status":"open","sticky":false,"template":"","format":"standard","meta":{"footnotes":""},"categories":[8,18,13],"tags":[],"class_list":["post-8018","post","type-post","status-publish","format-standard","has-post-thumbnail","hentry","category-post","category-international","category-societe"],"_links":{"self":[{"href":"https:\/\/burkinaonline.net\/index.php?rest_route=\/wp\/v2\/posts\/8018","targetHints":{"allow":["GET"]}}],"collection":[{"href":"https:\/\/burkinaonline.net\/index.php?rest_route=\/wp\/v2\/posts"}],"about":[{"href":"https:\/\/burkinaonline.net\/index.php?rest_route=\/wp\/v2\/types\/post"}],"author":[{"embeddable":true,"href":"https:\/\/burkinaonline.net\/index.php?rest_route=\/wp\/v2\/users\/1"}],"replies":[{"embeddable":true,"href":"https:\/\/burkinaonline.net\/index.php?rest_route=%2Fwp%2Fv2%2Fcomments&post=8018"}],"version-history":[{"count":5,"href":"https:\/\/burkinaonline.net\/index.php?rest_route=\/wp\/v2\/posts\/8018\/revisions"}],"predecessor-version":[{"id":8025,"href":"https:\/\/burkinaonline.net\/index.php?rest_route=\/wp\/v2\/posts\/8018\/revisions\/8025"}],"wp:featuredmedia":[{"embeddable":true,"href":"https:\/\/burkinaonline.net\/index.php?rest_route=\/wp\/v2\/media\/8019"}],"wp:attachment":[{"href":"https:\/\/burkinaonline.net\/index.php?rest_route=%2Fwp%2Fv2%2Fmedia&parent=8018"}],"wp:term":[{"taxonomy":"category","embeddable":true,"href":"https:\/\/burkinaonline.net\/index.php?rest_route=%2Fwp%2Fv2%2Fcategories&post=8018"},{"taxonomy":"post_tag","embeddable":true,"href":"https:\/\/burkinaonline.net\/index.php?rest_route=%2Fwp%2Fv2%2Ftags&post=8018"}],"curies":[{"name":"wp","href":"https:\/\/api.w.org\/{rel}","templated":true}]}}