{"id":8032,"date":"2025-07-09T09:42:29","date_gmt":"2025-07-09T09:42:29","guid":{"rendered":"https:\/\/burkinaonline.net\/?p=8032"},"modified":"2025-07-09T09:47:07","modified_gmt":"2025-07-09T09:47:07","slug":"mini-sommet-etats-unis-afrique-donald-trump-recoit-cinq-chefs-detat-africains-a-washington","status":"publish","type":"post","link":"https:\/\/burkinaonline.net\/?p=8032","title":{"rendered":"Mini-sommet \u00c9tats-Unis \u2013 Afrique : Donald Trump re\u00e7oit cinq chefs d\u2019\u00c9tat africains \u00e0 Washington"},"content":{"rendered":"<p class=\"p1\"><span class=\"s1\">Du 9 au 11 juillet 2025, Washington accueille un mini-sommet in\u00e9dit entre les \u00c9tats-Unis et cinq pays africains. \u00c0 l\u2019initiative du pr\u00e9sident am\u00e9ricain Donald Trump, cette rencontre r\u00e9unit les chefs d\u2019\u00c9tat du S\u00e9n\u00e9gal, de la Mauritanie, de la Guin\u00e9e-Bissau, du Lib\u00e9ria et du Gabon. Un format restreint qui soul\u00e8ve de nombreuses interrogations.<\/span><\/p>\n<p class=\"p1\"><span class=\"s1\">Les pr\u00e9sidents Bassirou Diomaye Faye (S\u00e9n\u00e9gal), Mohamed Ould Cheikh El Ghazouani (Mauritanie), Umaro Sissoco Embalo (Guin\u00e9e-Bissau), Joseph Boakai (Lib\u00e9ria) et Brice Clotaire Oligui Nguema (Gabon) participent \u00e0 cette rencontre diplomatique, qui se veut un espace d\u2019\u00e9changes autour de la s\u00e9curit\u00e9, des ressources naturelles et des partenariats \u00e9conomiques. L\u2019absence remarqu\u00e9e des grandes puissances africaines comme le Nigeria, l\u2019Afrique du Sud ou l\u2019\u00c9gypte donne au sommet une port\u00e9e strat\u00e9gique cibl\u00e9e.<\/span><\/p>\n<p class=\"p1\"><span class=\"s1\">Ce mini-sommet intervient dans un contexte tendu. Sous l\u2019administration Trump, les \u00c9tats-Unis ont op\u00e9r\u00e9 une r\u00e9duction drastique de l\u2019aide publique au d\u00e9veloppement \u00e0 destination de l\u2019Afrique. Parall\u00e8lement, plusieurs ressortissants africains sont d\u00e9sormais soumis \u00e0 des restrictions d\u2019entr\u00e9e sur le sol am\u00e9ricain. Dans ce climat, la rencontre semble refl\u00e9ter un repositionnement des relations am\u00e9ricano-africaines, d\u00e9sormais orient\u00e9es vers des accords commerciaux et des int\u00e9r\u00eats s\u00e9curitaires, au d\u00e9triment de la coop\u00e9ration multilat\u00e9rale classique.<\/span><\/p>\n<p class=\"p1\"><span class=\"s1\">\ud83d\ude80 Initiez-vous \u00e0 l\u2019Intelligence Artificielle<span class=\"Apple-converted-space\">\u00a0 <\/span>\u00e0 Ouagadougou \u2013 Samedi 12 juillet 2025 !<\/span><\/p>\n<p class=\"p1\"><span class=\"s1\">Transformez votre avenir en une journ\u00e9e. Plus d\u2019info en cliquant sur ce lien Whatsapp <a href=\"http:\/\/wa.me\/77767777\">wa.me\/77767777<\/a><\/span><\/p>\n<p class=\"p1\"><span class=\"s1\">Pour Donald Trump, cette initiative s\u2019inscrit dans une diplomatie \u00ab transactionnelle \u00bb, centr\u00e9e sur les int\u00e9r\u00eats \u00e9conomiques des \u00c9tats-Unis. Les pays invit\u00e9s, riches en ressources strat\u00e9giques (p\u00e9trole, minerais critiques, zones maritimes), semblent r\u00e9pondre \u00e0 cette logique. L\u2019administration Trump, par la voix de son secr\u00e9taire d\u2019\u00c9tat Marco Rubio, affirme vouloir \u00e9valuer la performance des diplomates am\u00e9ricains en Afrique \u00e0 l\u2019aune des accords \u00e9conomiques conclus.<\/span><\/p>\n<p class=\"p1\"><span class=\"s1\">Si ce sommet marque un tournant, il reste \u00e0 voir quelle r\u00e9ponse les partenaires africains apporteront \u00e0 cette nouvelle approche. Une chose est s\u00fbre : les \u00c9tats-Unis veulent redessiner leur politique africaine \u00e0 leur image \u2014 plus directe, plus s\u00e9lective, et surtout, plus rentable.<\/span><\/p>\n<p>www.burkinaonline.net<\/p>\n","protected":false},"excerpt":{"rendered":"<p>Du 9 au 11 juillet 2025, Washington accueille un mini-sommet in\u00e9dit entre les \u00c9tats-Unis et&#8230;<\/p>\n","protected":false},"author":1,"featured_media":8033,"comment_status":"open","ping_status":"open","sticky":false,"template":"","format":"standard","meta":{"footnotes":""},"categories":[8,15,18,11,13],"tags":[],"class_list":["post-8032","post","type-post","status-publish","format-standard","has-post-thumbnail","hentry","category-post","category-economie","category-international","category-politique","category-societe"],"_links":{"self":[{"href":"https:\/\/burkinaonline.net\/index.php?rest_route=\/wp\/v2\/posts\/8032","targetHints":{"allow":["GET"]}}],"collection":[{"href":"https:\/\/burkinaonline.net\/index.php?rest_route=\/wp\/v2\/posts"}],"about":[{"href":"https:\/\/burkinaonline.net\/index.php?rest_route=\/wp\/v2\/types\/post"}],"author":[{"embeddable":true,"href":"https:\/\/burkinaonline.net\/index.php?rest_route=\/wp\/v2\/users\/1"}],"replies":[{"embeddable":true,"href":"https:\/\/burkinaonline.net\/index.php?rest_route=%2Fwp%2Fv2%2Fcomments&post=8032"}],"version-history":[{"count":2,"href":"https:\/\/burkinaonline.net\/index.php?rest_route=\/wp\/v2\/posts\/8032\/revisions"}],"predecessor-version":[{"id":8035,"href":"https:\/\/burkinaonline.net\/index.php?rest_route=\/wp\/v2\/posts\/8032\/revisions\/8035"}],"wp:featuredmedia":[{"embeddable":true,"href":"https:\/\/burkinaonline.net\/index.php?rest_route=\/wp\/v2\/media\/8033"}],"wp:attachment":[{"href":"https:\/\/burkinaonline.net\/index.php?rest_route=%2Fwp%2Fv2%2Fmedia&parent=8032"}],"wp:term":[{"taxonomy":"category","embeddable":true,"href":"https:\/\/burkinaonline.net\/index.php?rest_route=%2Fwp%2Fv2%2Fcategories&post=8032"},{"taxonomy":"post_tag","embeddable":true,"href":"https:\/\/burkinaonline.net\/index.php?rest_route=%2Fwp%2Fv2%2Ftags&post=8032"}],"curies":[{"name":"wp","href":"https:\/\/api.w.org\/{rel}","templated":true}]}}