{"id":8054,"date":"2025-07-09T21:23:45","date_gmt":"2025-07-09T21:23:45","guid":{"rendered":"https:\/\/burkinaonline.net\/?p=8054"},"modified":"2025-07-09T21:23:45","modified_gmt":"2025-07-09T21:23:45","slug":"julio-bazi-hisse-le-drapeau-burkinabe-au-sommet-du-kilimandjaro-le-premier-burkinabe-a-realiser-cet-exploit","status":"publish","type":"post","link":"https:\/\/burkinaonline.net\/?p=8054","title":{"rendered":"Julio Bazi hisse le drapeau burkinab\u00e8 au sommet du Kilimandjaro : le premier Burkinab\u00e8 \u00e0 r\u00e9aliser cet exploit"},"content":{"rendered":"<p>Selon Burkina Yawana, l\u2019athl\u00e8te et motard burkinab\u00e8 Julio Lucr\u00e8ce Bazi a r\u00e9ussi un exploit remarquable : atteindre le sommet du mont Kilimandjaro, point culminant de l\u2019Afrique situ\u00e9 \u00e0 5895 m\u00e8tres d\u2019altitude, en seulement cinq jours d\u2019ascension. \u00c0 travers ce d\u00e9fi, il avait un objectif clair et symbolique : planter le drapeau du Burkina Faso pour t\u00e9moigner de la r\u00e9silience de son peuple face \u00e0 l\u2019adversit\u00e9, notamment l\u2019ins\u00e9curit\u00e9 qui frappe le pays.<\/p>\n<p>Dans cette aventure humaine et sportive, Julio Bazi n\u2019\u00e9tait pas seul. Il a pris part \u00e0 une exp\u00e9dition qui a rassembl\u00e9 plus de 100 nationalit\u00e9s et r\u00e9uni au moins 1000 participants, selon ses propos. Ce d\u00e9fi, il l\u2019a men\u00e9 avec courage, affrontant les difficult\u00e9s de l\u2019altitude, du froid, et de la fatigue, anim\u00e9 par une seule conviction : celle de porter haut les couleurs de son pays.<\/p>\n<p>\u00ab Cette ascension est d\u2019abord pour moi un acte patriotique. Pour montrer \u00e0 quel point le peuple burkinab\u00e8 est r\u00e9silient \u00bb, avait-il confi\u00e9 avant son d\u00e9part lors d\u2019un entretien accord\u00e9 \u00e0 la t\u00e9l\u00e9vision nationale.<\/p>\n<p>Julio Bazi n\u2019en est pas \u00e0 son premier exploit. Grand passionn\u00e9 de moto, il a d\u00e9j\u00e0 travers\u00e9 pas moins de 17 pays africains au guidon de sa b\u00e9cane, portant toujours avec lui les valeurs de courage, de d\u00e9passement de soi et d\u2019amour pour le Burkina Faso.<\/p>\n<p>Avec ce sommet conquis, il inscrit une nouvelle ligne \u00e0 son palmar\u00e8s et inspire toute une jeunesse \u00e0 croire en ses r\u00eaves. Quel sera son prochain d\u00e9fi ? Wait and see !<\/p>\n<p>wwww.burkinaonline.net avec Burkina Yawana<\/p>\n","protected":false},"excerpt":{"rendered":"<p>Selon Burkina Yawana, l\u2019athl\u00e8te et motard burkinab\u00e8 Julio Lucr\u00e8ce Bazi a r\u00e9ussi un exploit remarquable&#8230;<\/p>\n","protected":false},"author":1,"featured_media":8055,"comment_status":"open","ping_status":"open","sticky":false,"template":"","format":"standard","meta":{"footnotes":""},"categories":[8,10,13,16],"tags":[],"class_list":["post-8054","post","type-post","status-publish","format-standard","has-post-thumbnail","hentry","category-post","category-burkina-faso","category-societe","category-sport"],"_links":{"self":[{"href":"https:\/\/burkinaonline.net\/index.php?rest_route=\/wp\/v2\/posts\/8054","targetHints":{"allow":["GET"]}}],"collection":[{"href":"https:\/\/burkinaonline.net\/index.php?rest_route=\/wp\/v2\/posts"}],"about":[{"href":"https:\/\/burkinaonline.net\/index.php?rest_route=\/wp\/v2\/types\/post"}],"author":[{"embeddable":true,"href":"https:\/\/burkinaonline.net\/index.php?rest_route=\/wp\/v2\/users\/1"}],"replies":[{"embeddable":true,"href":"https:\/\/burkinaonline.net\/index.php?rest_route=%2Fwp%2Fv2%2Fcomments&post=8054"}],"version-history":[{"count":1,"href":"https:\/\/burkinaonline.net\/index.php?rest_route=\/wp\/v2\/posts\/8054\/revisions"}],"predecessor-version":[{"id":8056,"href":"https:\/\/burkinaonline.net\/index.php?rest_route=\/wp\/v2\/posts\/8054\/revisions\/8056"}],"wp:featuredmedia":[{"embeddable":true,"href":"https:\/\/burkinaonline.net\/index.php?rest_route=\/wp\/v2\/media\/8055"}],"wp:attachment":[{"href":"https:\/\/burkinaonline.net\/index.php?rest_route=%2Fwp%2Fv2%2Fmedia&parent=8054"}],"wp:term":[{"taxonomy":"category","embeddable":true,"href":"https:\/\/burkinaonline.net\/index.php?rest_route=%2Fwp%2Fv2%2Fcategories&post=8054"},{"taxonomy":"post_tag","embeddable":true,"href":"https:\/\/burkinaonline.net\/index.php?rest_route=%2Fwp%2Fv2%2Ftags&post=8054"}],"curies":[{"name":"wp","href":"https:\/\/api.w.org\/{rel}","templated":true}]}}