{"id":8076,"date":"2025-07-10T20:22:56","date_gmt":"2025-07-10T20:22:56","guid":{"rendered":"https:\/\/burkinaonline.net\/?p=8076"},"modified":"2025-07-10T21:14:01","modified_gmt":"2025-07-10T21:14:01","slug":"diplomatie-le-president-liberien-exprime-son-indignation-face-a-lattitude-c0ndecendante-de-trump-lors-du-mini-sommet","status":"publish","type":"post","link":"https:\/\/burkinaonline.net\/?p=8076","title":{"rendered":"Diplomatie : Le pr\u00e9sident lib\u00e9rien exprime son indignation face \u00e0 l\u2019attitude \u00abc0nde$cendante\u00bb  de Trump lors du mini-sommet."},"content":{"rendered":"<p class=\"p1\"><span class=\"s1\">Le mini-sommet organis\u00e9 hier \u00e0 la Maison-Blanche entre Donald Trump et cinq chefs d\u2019\u00c9tat ouest-africains a rapidement pris une tournure inattendue. Ce qui devait \u00eatre une rencontre strat\u00e9gique autour des questions de commerce et d\u2019investissement s\u2019est transform\u00e9, pour le pr\u00e9sident lib\u00e9rien Joseph Boakai, en un moment de profonde humiliation.<\/span><\/p>\n<p class=\"p1\"><span class=\"s1\">Lors de cette r\u00e9union, Trump a f\u00e9licit\u00e9 Joseph Boakai pour sa ma\u00eetrise de l\u2019anglais, pourtant langue officielle du Lib\u00e9ria depuis pr\u00e8s de deux si\u00e8cles.<\/span><\/p>\n<p class=\"p3\"><span class=\"s1\">Cette remarque, qui semblait se vouloir flatteuse, a \u00e9t\u00e9 per\u00e7ue par le pr\u00e9sident lib\u00e9rien comme profond\u00e9ment condescendante et r\u00e9v\u00e9latrice d\u2019un pr\u00e9jug\u00e9 latent sur les capacit\u00e9s intellectuelles des Africains.<\/span><\/p>\n<p class=\"p3\"><span class=\"s1\">Quelques heures apr\u00e8s la rencontre, Joseph Boakai a publi\u00e9 une vid\u00e9o sur ses r\u00e9seaux sociaux pour s\u2019exprimer face \u00e0 l\u2019indignation croissante au Lib\u00e9ria. Dans ce message direct, il n\u2019a pas m\u00e2ch\u00e9 ses mots.<\/span><\/p>\n<p class=\"p3\"><span class=\"s1\">\u00ab L\u2019\u00e9change d\u2019hier avec Trump m\u2019a choqu\u00e9 et m\u2019a enrag\u00e9. Je n\u2019ai jamais pens\u00e9 que j\u2019allais \u00eatre insult\u00e9 de cette mani\u00e8re \u00e0 l\u2019international \u00bb, d\u00e9clare-t-il en introduction.<\/span><\/p>\n<p class=\"p1\">Initiez-vous \u00e0 l\u2019Intelligence Artificielle\u00a0 \u00e0 Ouagadougou \u2013 Samedi 12 juillet 2025 !<br \/>\nTransformez votre avenir en une journ\u00e9e. Plus d\u2019info en cliquant sur ce lien Whatsapp <a href=\"http:\/\/wa.me\/77767777\">wa.me\/77767777<\/a><\/p>\n<p class=\"p3\"><span class=\"s1\">\u00ab Je comprends son arrogance. Il savait que l\u2019anglais est notre langue officielle, et pourtant il a feint la surprise. C\u2019est une attitude raciste et pleine de pr\u00e9jug\u00e9s. \u00bb<\/span><\/p>\n<p class=\"p3\"><span class=\"s1\">\u00ab Nous avons notre propre longue histoire et notre propre culture. Nous recevons l\u2019\u00e9ducation sur notre propre territoire et ma\u00eetrisons notre langue officielle. C\u2019est normal. Mais Trump, en tant que leader d\u2019un pays, m\u2019a d\u00e9lib\u00e9r\u00e9ment r\u00e9p\u00e9t\u00e9 la m\u00eame chose avec un ton sarcastique, ignorant, et un sens de la sup\u00e9riorit\u00e9. \u00bb<\/span><\/p>\n<p class=\"p3\"><span class=\"s1\">Ce mini-sommet, qui r\u00e9unissait \u00e9galement les pr\u00e9sidents du S\u00e9n\u00e9gal, de la Guin\u00e9e-Bissau, du Gabon et de la Mauritanie, visait \u00e0 repositionner les \u00c9tats-Unis comme partenaire \u00e9conomique des pays africains, dans un contexte de concurrence grandissante avec la Chine. Mais cet objectif a \u00e9t\u00e9 \u00e9clips\u00e9 par l\u2019incident avec le Lib\u00e9ria.<\/span><\/p>\n<p class=\"p3\"><span class=\"s1\">\u00ab La discrimination et les pr\u00e9jug\u00e9s contre notre pays sont trop grands. Trump semble penser que les pays africains ne devraient pas parler l\u2019anglais correctement, ni se d\u00e9velopper. Mais il a \u00e9t\u00e9 d\u00e9\u00e7u \u00bb, poursuit Boakai dans sa vid\u00e9o.<\/span><\/p>\n<p class=\"p3\"><span class=\"s1\">La publication a \u00e9t\u00e9 massivement partag\u00e9e \u00e0 travers l\u2019Afrique de l\u2019Ouest. De nombreux citoyens ont salu\u00e9 le ton ferme du pr\u00e9sident et d\u00e9nonc\u00e9 un \u00e9pisode de \u201cracisme diplomatique ordinaire\u201d. Plusieurs intellectuels africains ont exprim\u00e9 leur soutien \u00e0 Boakai pour avoir, selon leurs mots, \u00ab d\u00e9fendu l\u2019honneur de tout un continent \u00bb.<\/span><\/p>\n<p class=\"p3\"><span class=\"s1\">\u00ab Si Trump ne peut pas apprendre \u00e0 respecter chaque pays, il deviendra t\u00f4t ou tard \u00a0ridicule au plan \u00a0 international \u00bb, conclut le pr\u00e9sident lib\u00e9rien, visiblement d\u00e9termin\u00e9 \u00e0 ne pas laisser passer ce qu\u2019il consid\u00e8re comme une insulte \u00e0 la dignit\u00e9 nationale.<\/span><\/p>\n<p class=\"p1\"><span class=\"s1\">Plus qu\u2019un simple faux pas, cet incident r\u00e9v\u00e8le un foss\u00e9 persistant dans la mani\u00e8re dont certains dirigeants occidentaux per\u00e7oivent encore l\u2019Afrique. En prenant la parole dans cette vid\u00e9o, le pr\u00e9sident lib\u00e9rien a rappel\u00e9 que le respect n\u2019est pas une faveur qu\u2019on accorde, mais un droit fondamental entre nations souveraines. Le Lib\u00e9ria<span class=\"Apple-converted-space\">\u00a0 <\/span>(et l\u2019Afrique) ne sont plus pr\u00eats \u00e0 accepter qu\u2019on les regarde de haut.<\/span><\/p>\n<p class=\"p1\"><span class=\"s1\">www.burkinaonline.net<\/span><\/p>\n","protected":false},"excerpt":{"rendered":"<p>Le mini-sommet organis\u00e9 hier \u00e0 la Maison-Blanche entre Donald Trump et cinq chefs d\u2019\u00c9tat ouest-africains&#8230;<\/p>\n","protected":false},"author":1,"featured_media":8077,"comment_status":"open","ping_status":"open","sticky":false,"template":"","format":"standard","meta":{"footnotes":""},"categories":[8,15,18,11],"tags":[],"class_list":["post-8076","post","type-post","status-publish","format-standard","has-post-thumbnail","hentry","category-post","category-economie","category-international","category-politique"],"_links":{"self":[{"href":"https:\/\/burkinaonline.net\/index.php?rest_route=\/wp\/v2\/posts\/8076","targetHints":{"allow":["GET"]}}],"collection":[{"href":"https:\/\/burkinaonline.net\/index.php?rest_route=\/wp\/v2\/posts"}],"about":[{"href":"https:\/\/burkinaonline.net\/index.php?rest_route=\/wp\/v2\/types\/post"}],"author":[{"embeddable":true,"href":"https:\/\/burkinaonline.net\/index.php?rest_route=\/wp\/v2\/users\/1"}],"replies":[{"embeddable":true,"href":"https:\/\/burkinaonline.net\/index.php?rest_route=%2Fwp%2Fv2%2Fcomments&post=8076"}],"version-history":[{"count":5,"href":"https:\/\/burkinaonline.net\/index.php?rest_route=\/wp\/v2\/posts\/8076\/revisions"}],"predecessor-version":[{"id":8082,"href":"https:\/\/burkinaonline.net\/index.php?rest_route=\/wp\/v2\/posts\/8076\/revisions\/8082"}],"wp:featuredmedia":[{"embeddable":true,"href":"https:\/\/burkinaonline.net\/index.php?rest_route=\/wp\/v2\/media\/8077"}],"wp:attachment":[{"href":"https:\/\/burkinaonline.net\/index.php?rest_route=%2Fwp%2Fv2%2Fmedia&parent=8076"}],"wp:term":[{"taxonomy":"category","embeddable":true,"href":"https:\/\/burkinaonline.net\/index.php?rest_route=%2Fwp%2Fv2%2Fcategories&post=8076"},{"taxonomy":"post_tag","embeddable":true,"href":"https:\/\/burkinaonline.net\/index.php?rest_route=%2Fwp%2Fv2%2Ftags&post=8076"}],"curies":[{"name":"wp","href":"https:\/\/api.w.org\/{rel}","templated":true}]}}