{"id":8083,"date":"2025-07-11T13:49:28","date_gmt":"2025-07-11T13:49:28","guid":{"rendered":"https:\/\/burkinaonline.net\/?p=8083"},"modified":"2025-07-11T13:58:37","modified_gmt":"2025-07-11T13:58:37","slug":"projection-de-film-lgbtqi-a-dakar-le-gouvernement-senegalais-soppose","status":"publish","type":"post","link":"https:\/\/burkinaonline.net\/?p=8083","title":{"rendered":"Projection de film LGBTQI \u00e0 Dakar : le gouvernement s\u00e9n\u00e9galais s\u2019oppose"},"content":{"rendered":"<p class=\"p1\"><span class=\"s1\">Dakar, 11 juillet 2025 \u2014 Le gouvernement s\u00e9n\u00e9galais a officiellement mis en garde l\u2019Ambassade des Pays-Bas \u00e0 Dakar et le Bureau r\u00e9gional du Haut-Commissariat des Nations Unies aux droits de l\u2019Homme, au sujet d\u2019un \u00e9v\u00e9nement en pr\u00e9paration jug\u00e9 contraire aux lois et valeurs du pays. Dans un communiqu\u00e9 publi\u00e9 ce jeudi par le Minist\u00e8re de l\u2019Int\u00e9gration africaine et des Affaires \u00e9trang\u00e8res, les autorit\u00e9s d\u00e9noncent une tentative de \u00ab\u202fpropagande LGBTQI\u202f\u00bb sur le territoire national.<\/span><\/p>\n<p class=\"p1\"><span class=\"s1\">Selon le document, les deux institutions envisageaient d\u2019organiser la projection du film <\/span><span class=\"s2\">MIWA (Nous sommes l\u00e0)<\/span><span class=\"s1\">, centr\u00e9 sur les droits des femmes LGBTQI et des hommes transgenres en Afrique de l\u2019Ouest, suivie d\u2019un d\u00e9bat public. L\u2019\u00e9v\u00e9nement \u00e9tait pr\u00e9vu dans les locaux du Haut-Commissariat \u00e0 Dakar, avec le soutien de l\u2019ambassade n\u00e9erlandaise.<\/span><\/p>\n<p class=\"p3\"><span class=\"s1\">\u00ab Le S\u00e9n\u00e9gal n\u2019accepte aucune forme de propagande et de promotion du ph\u00e9nom\u00e8ne LGBTQI sur son territoire \u00bb, peut-on lire dans le communiqu\u00e9.<\/span><\/p>\n<p class=\"p1\"><span class=\"s1\">Un rappel \u00e0 l\u2019ordre diplomatique<\/span><\/p>\n<p class=\"p1\"><span class=\"s1\">Pour les autorit\u00e9s s\u00e9n\u00e9galaises, cette initiative constitue une violation claire des lois en vigueur et une entorse aux normes sociales et religieuses qui structurent la nation. Le minist\u00e8re affirme que le gouvernement \u00ab se r\u00e9serve le droit de prendre toute mesure appropri\u00e9e contre les organisateurs de telles activit\u00e9s, ainsi que contre les participants, quels que soient leur origine, leur statut ou leur rang \u00bb.<\/span><\/p>\n<p class=\"p1\"><span class=\"s1\">Le texte rappelle \u00e9galement que les missions diplomatiques, les organisations internationales et les ONG op\u00e9rant au S\u00e9n\u00e9gal sont tenues de respecter les lois locales ainsi que les valeurs culturelles et religieuses du pays.<\/span><\/p>\n<p class=\"p1\"><span class=\"s1\">Un climat tendu autour des questions LGBTQI<\/span><\/p>\n<p class=\"p1\"><span class=\"s1\">Cet avertissement intervient dans un contexte de forte sensibilit\u00e9 sur les questions li\u00e9es \u00e0 l\u2019orientation sexuelle au S\u00e9n\u00e9gal, pays o\u00f9 l\u2019homosexualit\u00e9 est ill\u00e9gale et passible de peines de prison. Ces derni\u00e8res ann\u00e9es, plusieurs voix dans la soci\u00e9t\u00e9 civile et au sein de la classe politique ont d\u00e9nonc\u00e9 ce qu\u2019ils appellent des \u00ab tentatives d\u2019imposition culturelle \u00bb de l\u2019Occident \u00e0 travers des initiatives jug\u00e9es contraires aux \u00ab valeurs africaines \u00bb.<\/span><\/p>\n<p class=\"p1\"><span class=\"s1\">Initiez-vous \u00e0 l\u2019Intelligence Artificielle<span class=\"Apple-converted-space\">\u00a0 <\/span>\u00e0 Ouagadougou \u2013 Samedi 12 juillet 2025 !<br \/>\n<\/span><span class=\"s1\">Transformez votre avenir en une journ\u00e9e. Plus d\u2019info en cliquant sur ce lien Whatsapp <a href=\"http:\/\/wa.me\/77767777\">wa.me\/77767777<\/a><\/span><\/p>\n<p>&nbsp;<\/p>\n<p class=\"p1\"><span class=\"s1\">Le d\u00e9put\u00e9 Guy Marius Sagna, connu pour ses positions fermes, a publiquement salu\u00e9 la r\u00e9action du gouvernement, estimant que cet \u00e9v\u00e9nement relevait d\u2019une provocation diplomatique.<\/span><\/p>\n<p class=\"p3\"><span class=\"s1\">\u00ab C\u2019est une tentative de passer en force, d\u2019imposer une vision du monde qui ne correspond ni \u00e0 notre culture, ni \u00e0 nos lois \u00bb, a-t-il d\u00e9clar\u00e9.<\/span><\/p>\n<p class=\"p1\"><span class=\"s1\">Un malaise croissant dans les relations internationales ?<\/span><\/p>\n<p class=\"p1\"><span class=\"s1\">Cette mise en garde soul\u00e8ve une fois de plus la question des limites entre les engagements internationaux en faveur des droits humains et le respect des souverainet\u00e9s nationales. Pour Dakar, il ne s\u2019agit pas d\u2019un refus des droits, mais d\u2019un refus de l\u2019ing\u00e9rence morale.<\/span><\/p>\n<p class=\"p1\"><span class=\"s1\">Le S\u00e9n\u00e9gal s\u2019inscrit ainsi dans une tendance observ\u00e9e dans plusieurs pays africains o\u00f9 l\u2019opinion publique, soutenue par des \u00e9lites politiques et religieuses, rejette toute forme de plaidoyer LGBTQI venu de l\u2019ext\u00e9rieur.<\/span><\/p>\n<p class=\"p1\"><span class=\"s1\">Par cette d\u00e9claration, le gouvernement s\u00e9n\u00e9galais r\u00e9affirme sa volont\u00e9 de d\u00e9fendre ses lois, sa culture et ses convictions sociales, m\u00eame face \u00e0 des institutions internationales. L\u2019avertissement est clair : toute activit\u00e9 per\u00e7ue comme une promotion de l\u2019agenda LGBTQI pourra faire l\u2019objet de mesures coercitives, y compris contre des acteurs diplomatiques. Ce geste ravive un d\u00e9bat ancien, mais toujours br\u00fblant, sur les lignes rouges entre droits universels et valeurs locales.<\/span><\/p>\n<p>www.burkinaonline.net<\/p>\n","protected":false},"excerpt":{"rendered":"<p>Dakar, 11 juillet 2025 \u2014 Le gouvernement s\u00e9n\u00e9galais a officiellement mis en garde l\u2019Ambassade des&#8230;<\/p>\n","protected":false},"author":1,"featured_media":8088,"comment_status":"open","ping_status":"open","sticky":false,"template":"","format":"standard","meta":{"footnotes":""},"categories":[8,18,13],"tags":[],"class_list":["post-8083","post","type-post","status-publish","format-standard","has-post-thumbnail","hentry","category-post","category-international","category-societe"],"_links":{"self":[{"href":"https:\/\/burkinaonline.net\/index.php?rest_route=\/wp\/v2\/posts\/8083","targetHints":{"allow":["GET"]}}],"collection":[{"href":"https:\/\/burkinaonline.net\/index.php?rest_route=\/wp\/v2\/posts"}],"about":[{"href":"https:\/\/burkinaonline.net\/index.php?rest_route=\/wp\/v2\/types\/post"}],"author":[{"embeddable":true,"href":"https:\/\/burkinaonline.net\/index.php?rest_route=\/wp\/v2\/users\/1"}],"replies":[{"embeddable":true,"href":"https:\/\/burkinaonline.net\/index.php?rest_route=%2Fwp%2Fv2%2Fcomments&post=8083"}],"version-history":[{"count":4,"href":"https:\/\/burkinaonline.net\/index.php?rest_route=\/wp\/v2\/posts\/8083\/revisions"}],"predecessor-version":[{"id":8090,"href":"https:\/\/burkinaonline.net\/index.php?rest_route=\/wp\/v2\/posts\/8083\/revisions\/8090"}],"wp:featuredmedia":[{"embeddable":true,"href":"https:\/\/burkinaonline.net\/index.php?rest_route=\/wp\/v2\/media\/8088"}],"wp:attachment":[{"href":"https:\/\/burkinaonline.net\/index.php?rest_route=%2Fwp%2Fv2%2Fmedia&parent=8083"}],"wp:term":[{"taxonomy":"category","embeddable":true,"href":"https:\/\/burkinaonline.net\/index.php?rest_route=%2Fwp%2Fv2%2Fcategories&post=8083"},{"taxonomy":"post_tag","embeddable":true,"href":"https:\/\/burkinaonline.net\/index.php?rest_route=%2Fwp%2Fv2%2Ftags&post=8083"}],"curies":[{"name":"wp","href":"https:\/\/api.w.org\/{rel}","templated":true}]}}