{"id":8091,"date":"2025-07-11T16:31:21","date_gmt":"2025-07-11T16:31:21","guid":{"rendered":"https:\/\/burkinaonline.net\/?p=8091"},"modified":"2025-07-11T16:31:21","modified_gmt":"2025-07-11T16:31:21","slug":"liptako-gourma-vers-une-transformation-de-lalg-en-agence-de-developpement-de-laes","status":"publish","type":"post","link":"https:\/\/burkinaonline.net\/?p=8091","title":{"rendered":"Liptako-Gourma : vers une transformation de l\u2019ALG en Agence de d\u00e9veloppement de l\u2019AES"},"content":{"rendered":"<p class=\"p1\">Koulouba, 11 juillet 2025 \u2013 Les Chefs d\u2019\u00c9tat membres de l\u2019Autorit\u00e9 de D\u00e9veloppement Int\u00e9gr\u00e9 du Liptako-Gourma (ALG) ont tenu ce vendredi leur 8\u1d49 session ordinaire par visioconf\u00e9rence, sous la pr\u00e9sidence du G\u00e9n\u00e9ral d\u2019Arm\u00e9e Abdourahamane TIANI, Pr\u00e9sident du Niger et Pr\u00e9sident en exercice de l\u2019ALG. Ont \u00e9galement particip\u00e9 \u00e0 cette rencontre strat\u00e9gique : le G\u00e9n\u00e9ral d\u2019Arm\u00e9e Assimi GO\u00cfTA, Pr\u00e9sident de la Transition du Mali, et le Capitaine Ibrahim TRAOR\u00c9, Pr\u00e9sident du Faso.<\/p>\n<p class=\"p1\"><span class=\"s1\">Cette session avait un double objectif : faire le point sur les actions de l\u2019ALG et poser les bases de sa transformation dans le cadre de la Conf\u00e9d\u00e9ration des \u00c9tats du Sahel (AES), lanc\u00e9e par les trois pays.<\/span><\/p>\n<p class=\"p1\"><span class=\"s3\">\ud83d\udd04<\/span><span class=\"s1\"> Une transformation profonde de l\u2019ALG<\/span><\/p>\n<p class=\"p1\"><span class=\"s1\">Le moment fort de la rencontre a \u00e9t\u00e9 l\u2019adoption du principe de transformation de l\u2019ALG en une v\u00e9ritable Agence de d\u00e9veloppement au service de l\u2019AES. \u00c0 travers cette r\u00e9forme, les Chefs d\u2019\u00c9tat entendent rendre l\u2019organisation plus efficace et adapt\u00e9e aux enjeux actuels du Sahel, en rationalisant les structures existantes plut\u00f4t qu\u2019en cr\u00e9ant de nouvelles entit\u00e9s.<\/span><\/p>\n<p class=\"p3\"><span class=\"s1\">\u00ab\u202fFace aux mutations g\u00e9opolitiques actuelles, tant mondiales que r\u00e9gionales, particuli\u00e8rement au Sahel, l\u2019ALG doit s\u2019adapter aux nouveaux d\u00e9fis pour accomplir pleinement sa mission \u00bb, a d\u00e9clar\u00e9 le Pr\u00e9sident Assimi GO\u00cfTA dans son allocution.<\/span><\/p>\n<p class=\"p1\"><span class=\"s3\">\ud83d\udccc<\/span><span class=\"s1\"> Des d\u00e9cisions structurantes<\/span><\/p>\n<p class=\"p1\"><span class=\"s1\">Au terme des discussions, plusieurs d\u00e9cisions cl\u00e9s ont \u00e9t\u00e9 prises :<\/span><\/p>\n<p class=\"p4\"><span class=\"s1\"> \u2022 La transformation officielle de l\u2019ALG en Agence de d\u00e9veloppement de l\u2019AES ;<\/span><\/p>\n<p class=\"p4\"><span class=\"s1\"> \u2022 Le maintien du si\u00e8ge de l\u2019organisation \u00e0 Ouagadougou ;<\/span><\/p>\n<p class=\"p4\"><span class=\"s1\"> \u2022 La d\u00e9signation prochaine d\u2019un Administrateur provisoire pour conduire la transition ;<\/span><\/p>\n<p class=\"p4\"><span class=\"s1\"> \u2022 La r\u00e9alisation d\u2019un audit institutionnel pr\u00e9alable ;<\/span><\/p>\n<p class=\"p4\"><span class=\"s1\"> \u2022 Le transfert progressif des missions de l\u2019actuelle ALG vers la nouvelle entit\u00e9 ;<\/span><\/p>\n<p class=\"p4\"><span class=\"s1\"> \u2022 Et enfin, l\u2019\u00e9ch\u00e9ance du 31 d\u00e9cembre 2025 fix\u00e9e pour la finalisation compl\u00e8te de ce processus.<\/span><\/p>\n<p class=\"p1\"><span class=\"s3\">\ud83d\udcac<\/span><span class=\"s1\"> Un discours de pragmatisme et de vision<\/span><\/p>\n<p class=\"p1\"><span class=\"s1\">Dans un ton \u00e0 la fois ferme et visionnaire, le Pr\u00e9sident GO\u00cfTA a soulign\u00e9 que cette r\u00e9forme n\u2019\u00e9tait pas seulement structurelle, mais aussi symbolique :<\/span><\/p>\n<p class=\"p3\"><span class=\"s1\">\u00ab\u202fCette transformation traduit notre volont\u00e9 commune de prendre en compte les r\u00e9alit\u00e9s g\u00e9opolitiques actuelles, mais aussi la n\u00e9cessit\u00e9 d\u2019ajuster les structures de notre organisation face aux d\u00e9fis du moment.\u202f\u00bb<\/span><\/p>\n<p class=\"p3\"><span class=\"s1\">\u00ab\u202fElle nous \u00e9vitera la cr\u00e9ation de structures suppl\u00e9mentaires dont le fonctionnement serait co\u00fbteux pour nos \u00c9tats. En r\u00e9am\u00e9nageant l\u2019existant, nous r\u00e9ussirons \u00e0 atteindre nos objectifs de d\u00e9veloppement.\u202f\u00bb<\/span><\/p>\n<p class=\"p3\"><span class=\"s1\">Il a \u00e9galement insist\u00e9 sur la valorisation de l\u2019exp\u00e9rience acquise par l\u2019ALG depuis sa cr\u00e9ation, tout en appelant \u00e0 une adaptation strat\u00e9gique et politique au service des id\u00e9aux conf\u00e9d\u00e9raux.<\/span><\/p>\n<p class=\"p1\"><span class=\"s3\">\ud83e\udd1d<\/span><span class=\"s1\"> Un engagement renouvel\u00e9 pour l\u2019int\u00e9gration et la souverainet\u00e9<\/span><\/p>\n<p class=\"p1\"><span class=\"s1\">Les Chefs d\u2019\u00c9tat ont r\u00e9affirm\u00e9 leur engagement commun pour une int\u00e9gration r\u00e9gionale renforc\u00e9e, une souverainet\u00e9 collective assum\u00e9e et une solidarit\u00e9 active entre les peuples du Liptako-Gourma.<\/span><\/p>\n<p class=\"p1\"><span class=\"s1\">Des instructions claires ont \u00e9t\u00e9 donn\u00e9es aux ministres sectoriels et aux experts pour proposer rapidement la nouvelle forme institutionnelle de l\u2019ALG et en d\u00e9finir les missions op\u00e9rationnelles dans le cadre de l\u2019AES.<\/span><\/p>\n<p class=\"p1\"><span class=\"s1\">La session s\u2019est conclue dans un climat d\u2019unit\u00e9 strat\u00e9gique, marquant une nouvelle \u00e9tape vers une gouvernance r\u00e9gionale plus souveraine, plus int\u00e9gr\u00e9e et plus efficace, \u00e0 l\u2019image des ambitions port\u00e9es par la Conf\u00e9d\u00e9ration des \u00c9tats du Sahel.<\/span><\/p>\n<p class=\"p1\"><span class=\"s3\">www.burkinaonline.net<\/span><\/p>\n","protected":false},"excerpt":{"rendered":"<p>Koulouba, 11 juillet 2025 \u2013 Les Chefs d\u2019\u00c9tat membres de l\u2019Autorit\u00e9 de D\u00e9veloppement Int\u00e9gr\u00e9 du&#8230;<\/p>\n","protected":false},"author":1,"featured_media":8092,"comment_status":"open","ping_status":"open","sticky":false,"template":"","format":"standard","meta":{"footnotes":""},"categories":[8,30,10,11],"tags":[],"class_list":["post-8091","post","type-post","status-publish","format-standard","has-post-thumbnail","hentry","category-post","category-aes","category-burkina-faso","category-politique"],"_links":{"self":[{"href":"https:\/\/burkinaonline.net\/index.php?rest_route=\/wp\/v2\/posts\/8091","targetHints":{"allow":["GET"]}}],"collection":[{"href":"https:\/\/burkinaonline.net\/index.php?rest_route=\/wp\/v2\/posts"}],"about":[{"href":"https:\/\/burkinaonline.net\/index.php?rest_route=\/wp\/v2\/types\/post"}],"author":[{"embeddable":true,"href":"https:\/\/burkinaonline.net\/index.php?rest_route=\/wp\/v2\/users\/1"}],"replies":[{"embeddable":true,"href":"https:\/\/burkinaonline.net\/index.php?rest_route=%2Fwp%2Fv2%2Fcomments&post=8091"}],"version-history":[{"count":1,"href":"https:\/\/burkinaonline.net\/index.php?rest_route=\/wp\/v2\/posts\/8091\/revisions"}],"predecessor-version":[{"id":8093,"href":"https:\/\/burkinaonline.net\/index.php?rest_route=\/wp\/v2\/posts\/8091\/revisions\/8093"}],"wp:featuredmedia":[{"embeddable":true,"href":"https:\/\/burkinaonline.net\/index.php?rest_route=\/wp\/v2\/media\/8092"}],"wp:attachment":[{"href":"https:\/\/burkinaonline.net\/index.php?rest_route=%2Fwp%2Fv2%2Fmedia&parent=8091"}],"wp:term":[{"taxonomy":"category","embeddable":true,"href":"https:\/\/burkinaonline.net\/index.php?rest_route=%2Fwp%2Fv2%2Fcategories&post=8091"},{"taxonomy":"post_tag","embeddable":true,"href":"https:\/\/burkinaonline.net\/index.php?rest_route=%2Fwp%2Fv2%2Ftags&post=8091"}],"curies":[{"name":"wp","href":"https:\/\/api.w.org\/{rel}","templated":true}]}}