{"id":8094,"date":"2025-07-11T19:23:11","date_gmt":"2025-07-11T19:23:11","guid":{"rendered":"https:\/\/burkinaonline.net\/?p=8094"},"modified":"2025-07-11T19:23:11","modified_gmt":"2025-07-11T19:23:11","slug":"crise-a-lome-les-etats-de-laes-claquent-la-porte-du-conseil-des-ministres-de-luemoa","status":"publish","type":"post","link":"https:\/\/burkinaonline.net\/?p=8094","title":{"rendered":"Crise \u00e0 Lom\u00e9 : les \u00c9tats de l\u2019AES claquent la porte du Conseil des Ministres de l\u2019UEMOA"},"content":{"rendered":"<p class=\"p1\">\n<p class=\"p1\"><span class=\"s2\">Lom\u00e9, 11 juillet 2025 \u2013 Les repr\u00e9sentants des \u00c9tats membres de l\u2019Alliance des \u00c9tats du Sahel (AES) \u2013 Burkina Faso, Mali et Niger \u2013 ont quitt\u00e9 avec fracas la 2\u1d49 session ordinaire annuelle du Conseil des Ministres de l\u2019Union Mon\u00e9taire Ouest Africaine (UMOA), qui se tenait \u00e0 Lom\u00e9, au Togo.<\/span><\/p>\n<p class=\"p1\"><span class=\"s2\">En cause : le refus de d\u00e9signer le Burkina Faso \u00e0 la pr\u00e9sidence du Conseil des Ministres, une fonction qui devait lui revenir conform\u00e9ment aux textes de l\u2019Union. Selon la t\u00e9l\u00e9vision nationale, ce d\u00e9saccord a \u00e9t\u00e9 jug\u00e9 inacceptable par les repr\u00e9sentants de l\u2019AES, qui ont d\u00e9cid\u00e9 de se retirer de la session.<\/span><\/p>\n<p class=\"p1\"><span class=\"s2\">L\u2019article 11 des statuts de l\u2019UMOA est pourtant clair. Il pr\u00e9voit que la pr\u00e9sidence du Conseil des Ministres revient, \u00e0 tour de r\u00f4le, \u00e0 l\u2019un des ministres des Finances des \u00c9tats membres pour une dur\u00e9e de deux ans. Cette rotation vise \u00e0 garantir l\u2019\u00e9quit\u00e9 et l\u2019inclusivit\u00e9 dans la gouvernance de l\u2019Union.<\/span><\/p>\n<p class=\"p3\"><span class=\"s3\">\u201cLe Conseil choisit l\u2019un des Ministres charg\u00e9s des Finances de l\u2019UMOA pour pr\u00e9sider ses travaux [\u2026] Cette \u00e9lection, faite \u00e8s qualit\u00e9, doit appeler les Ministres \u00e0 pr\u00e9sider \u00e0 tour de r\u00f4le le Conseil,\u201d<\/span><span class=\"s2\"> stipule l\u2019article 11.<\/span><\/p>\n<p class=\"p3\"><span class=\"s2\">Au-del\u00e0 du simple diff\u00e9rend protocolaire, cet incident met en lumi\u00e8re les tensions persistantes entre l\u2019UEMOA et les \u00c9tats de l\u2019AES, dont les relations avec les institutions r\u00e9gionales sont de plus en plus tendues depuis leur retrait progressif de certaines organisations communautaires.<\/span><\/p>\n<p class=\"p3\"><span class=\"s2\">\u00c0 l\u2019heure actuelle, aucune d\u00e9claration officielle n\u2019a \u00e9t\u00e9 faite par la pr\u00e9sidence du Conseil ni par les institutions concern\u00e9es (BCEAO, BOAD, Commission de l\u2019UEMOA). Mais cet incident pourrait avoir des r\u00e9percussions politiques et institutionnelles importantes dans la r\u00e9gion.<\/span><\/p>\n<p class=\"p1\"><span class=\"s1\">www.burkinaonline.net<\/span><\/p>\n","protected":false},"excerpt":{"rendered":"<p>Lom\u00e9, 11 juillet 2025 \u2013 Les repr\u00e9sentants des \u00c9tats membres de l\u2019Alliance des \u00c9tats du&#8230;<\/p>\n","protected":false},"author":1,"featured_media":8095,"comment_status":"open","ping_status":"open","sticky":false,"template":"","format":"standard","meta":{"footnotes":""},"categories":[8,30,10],"tags":[],"class_list":["post-8094","post","type-post","status-publish","format-standard","has-post-thumbnail","hentry","category-post","category-aes","category-burkina-faso"],"_links":{"self":[{"href":"https:\/\/burkinaonline.net\/index.php?rest_route=\/wp\/v2\/posts\/8094","targetHints":{"allow":["GET"]}}],"collection":[{"href":"https:\/\/burkinaonline.net\/index.php?rest_route=\/wp\/v2\/posts"}],"about":[{"href":"https:\/\/burkinaonline.net\/index.php?rest_route=\/wp\/v2\/types\/post"}],"author":[{"embeddable":true,"href":"https:\/\/burkinaonline.net\/index.php?rest_route=\/wp\/v2\/users\/1"}],"replies":[{"embeddable":true,"href":"https:\/\/burkinaonline.net\/index.php?rest_route=%2Fwp%2Fv2%2Fcomments&post=8094"}],"version-history":[{"count":1,"href":"https:\/\/burkinaonline.net\/index.php?rest_route=\/wp\/v2\/posts\/8094\/revisions"}],"predecessor-version":[{"id":8096,"href":"https:\/\/burkinaonline.net\/index.php?rest_route=\/wp\/v2\/posts\/8094\/revisions\/8096"}],"wp:featuredmedia":[{"embeddable":true,"href":"https:\/\/burkinaonline.net\/index.php?rest_route=\/wp\/v2\/media\/8095"}],"wp:attachment":[{"href":"https:\/\/burkinaonline.net\/index.php?rest_route=%2Fwp%2Fv2%2Fmedia&parent=8094"}],"wp:term":[{"taxonomy":"category","embeddable":true,"href":"https:\/\/burkinaonline.net\/index.php?rest_route=%2Fwp%2Fv2%2Fcategories&post=8094"},{"taxonomy":"post_tag","embeddable":true,"href":"https:\/\/burkinaonline.net\/index.php?rest_route=%2Fwp%2Fv2%2Ftags&post=8094"}],"curies":[{"name":"wp","href":"https:\/\/api.w.org\/{rel}","templated":true}]}}