{"id":8100,"date":"2025-07-13T15:10:23","date_gmt":"2025-07-13T15:10:23","guid":{"rendered":"https:\/\/burkinaonline.net\/?p=8100"},"modified":"2025-07-13T15:16:15","modified_gmt":"2025-07-13T15:16:15","slug":"kalifara-sere-libre-apres-plus-dun-an-de-disparition-ce-que-lon-sait","status":"publish","type":"post","link":"https:\/\/burkinaonline.net\/?p=8100","title":{"rendered":"Kalifara S\u00e9r\u00e9 libre apr\u00e8s plus d\u2019un an de disparition : ce que l\u2019on sait"},"content":{"rendered":"<p>L\u2019administrateur civil \u00e0 la retraite et consultant en strat\u00e9gie de territoire et d\u00e9veloppement, Kalifara S\u00e9r\u00e9, est d\u00e9sormais libre de ses mouvements, ont confirm\u00e9 plusieurs sources concordantes \u00e0 Burkina Yawana au cours du week-end. L\u2019ex-chroniqueur de la t\u00e9l\u00e9vision priv\u00e9e BF1 avait disparu des radars depuis plus d\u2019un an, dans un contexte tendu li\u00e9 \u00e0 des propos tenus lors d\u2019une \u00e9mission t\u00e9l\u00e9vis\u00e9e.<\/p>\n<p>Une disparition discr\u00e8te mais tr\u00e8s remarqu\u00e9e<\/p>\n<p>Le 18 juin 2024, Kalifara S\u00e9r\u00e9 intervient comme chroniqueur dans l\u2019\u00e9mission 7Infos de la cha\u00eene BF1. Il y \u00e9met des doutes sur l\u2019authenticit\u00e9 et la fra\u00eecheur des images d\u2019un don de sang du Pr\u00e9sident du Faso, le Capitaine Ibrahim Traor\u00e9. Ces propos provoquent une vive pol\u00e9mique.<\/p>\n<p>Le Conseil sup\u00e9rieur de la communication (CSC) convoque alors la cha\u00eene et suspend l\u2019\u00e9mission \u00ab 7Infos \u00bb pour une dur\u00e9e de deux semaines, invoquant la diffusion d\u2019informations jug\u00e9es fausses. Dans la foul\u00e9e, le Centre National de Transfusion Sanguine (CNTS) d\u00e9pose une plainte officielle contre Kalifara S\u00e9r\u00e9. Il est auditionn\u00e9 dans un commissariat de police \u00e0 Ouagadougou.<\/p>\n<figure id=\"attachment_8102\" aria-describedby=\"caption-attachment-8102\" style=\"width: 300px\" class=\"wp-caption alignnone\"><a href=\"http:\/\/burkinaonline.net\/wp-content\/uploads\/2025\/07\/IMG_7612.jpeg\"><img fetchpriority=\"high\" decoding=\"async\" class=\"size-medium wp-image-8102\" src=\"http:\/\/burkinaonline.net\/wp-content\/uploads\/2025\/07\/IMG_7612-300x200.jpeg\" alt=\"\" width=\"300\" height=\"200\" srcset=\"https:\/\/burkinaonline.net\/wp-content\/uploads\/2025\/07\/IMG_7612-300x200.jpeg 300w, https:\/\/burkinaonline.net\/wp-content\/uploads\/2025\/07\/IMG_7612.jpeg 720w\" sizes=\"(max-width: 300px) 100vw, 300px\" \/><\/a><figcaption id=\"caption-attachment-8102\" class=\"wp-caption-text\">Le pr\u00e9sident du Faso<br \/>En train de donner son sang<\/figcaption><\/figure>\n<p>Depuis le 20 juin 2024, plus aucune nouvelle officielle ne filtrait sur sa situation. Son absence prolong\u00e9e suscite de nombreuses interrogations, autant chez les professionnels des m\u00e9dias que dans l\u2019opinion publique.<\/p>\n<p>Une lib\u00e9ration discr\u00e8te, mais confirm\u00e9e<\/p>\n<p>La rumeur de sa lib\u00e9ration commence \u00e0 circuler ce vendredi 11 juillet 2025 dans la journ\u00e9e. Difficile \u00e0 v\u00e9rifier au d\u00e9part, l\u2019information sera finalement confirm\u00e9e dans la soir\u00e9e par des sources proches de l\u2019int\u00e9ress\u00e9, contact\u00e9es par notre confr\u00e8re Burkina Yawana.<\/p>\n<p>\u00ab Il est libre. Je peux vous le confirmer \u00bb, affirme l\u2019un de ses proches sous anonymat.<\/p>\n<p>Kalifara S\u00e9r\u00e9 est donc libre apr\u00e8s plus d\u2019un an, dans des conditions encore peu claires, sans communication officielle \u00e0 ce stade des autorit\u00e9s comp\u00e9tentes.<\/p>\n<p>BF1 entre prudence et silence<\/p>\n<p>D\u00e8s la suspension de l\u2019\u00e9mission \u00ab 7Infos \u00bb en juin 2024, BF1 avait publi\u00e9 un communiqu\u00e9 dans lequel elle prenait acte de la d\u00e9cision du CSC, tout en exprimant sa pr\u00e9occupation pour la situation de son chroniqueur et sa solidarit\u00e9 avec sa famille.<\/p>\n<p>Quelques jours plus tard, le 23 juin, la cha\u00eene annon\u00e7ait l\u2019arr\u00eat temporaire des \u00e9missions \u201c7Infos\u201d et \u201cPresse \u00c9chos\u201d, invoquant des vacances. Si \u00ab 7Infos \u00bb avait repris quelques semaines plus tard, l\u2019\u00e9mission \u201cPresse \u00c9chos\u201d, elle, ne sera jamais relanc\u00e9e.<\/p>\n<p>www.burkinaonline.net<\/p>\n","protected":false},"excerpt":{"rendered":"<p>L\u2019administrateur civil \u00e0 la retraite et consultant en strat\u00e9gie de territoire et d\u00e9veloppement, Kalifara S\u00e9r\u00e9,&#8230;<\/p>\n","protected":false},"author":1,"featured_media":8101,"comment_status":"open","ping_status":"open","sticky":false,"template":"","format":"standard","meta":{"footnotes":""},"categories":[8,10,13],"tags":[],"class_list":["post-8100","post","type-post","status-publish","format-standard","has-post-thumbnail","hentry","category-post","category-burkina-faso","category-societe"],"_links":{"self":[{"href":"https:\/\/burkinaonline.net\/index.php?rest_route=\/wp\/v2\/posts\/8100","targetHints":{"allow":["GET"]}}],"collection":[{"href":"https:\/\/burkinaonline.net\/index.php?rest_route=\/wp\/v2\/posts"}],"about":[{"href":"https:\/\/burkinaonline.net\/index.php?rest_route=\/wp\/v2\/types\/post"}],"author":[{"embeddable":true,"href":"https:\/\/burkinaonline.net\/index.php?rest_route=\/wp\/v2\/users\/1"}],"replies":[{"embeddable":true,"href":"https:\/\/burkinaonline.net\/index.php?rest_route=%2Fwp%2Fv2%2Fcomments&post=8100"}],"version-history":[{"count":3,"href":"https:\/\/burkinaonline.net\/index.php?rest_route=\/wp\/v2\/posts\/8100\/revisions"}],"predecessor-version":[{"id":8105,"href":"https:\/\/burkinaonline.net\/index.php?rest_route=\/wp\/v2\/posts\/8100\/revisions\/8105"}],"wp:featuredmedia":[{"embeddable":true,"href":"https:\/\/burkinaonline.net\/index.php?rest_route=\/wp\/v2\/media\/8101"}],"wp:attachment":[{"href":"https:\/\/burkinaonline.net\/index.php?rest_route=%2Fwp%2Fv2%2Fmedia&parent=8100"}],"wp:term":[{"taxonomy":"category","embeddable":true,"href":"https:\/\/burkinaonline.net\/index.php?rest_route=%2Fwp%2Fv2%2Fcategories&post=8100"},{"taxonomy":"post_tag","embeddable":true,"href":"https:\/\/burkinaonline.net\/index.php?rest_route=%2Fwp%2Fv2%2Ftags&post=8100"}],"curies":[{"name":"wp","href":"https:\/\/api.w.org\/{rel}","templated":true}]}}