{"id":8106,"date":"2025-07-13T17:31:35","date_gmt":"2025-07-13T17:31:35","guid":{"rendered":"https:\/\/burkinaonline.net\/?p=8106"},"modified":"2025-07-13T17:31:35","modified_gmt":"2025-07-13T17:31:35","slug":"deces-de-lancien-president-nigerian-muhammadu-buhari-a-82-ans","status":"publish","type":"post","link":"https:\/\/burkinaonline.net\/?p=8106","title":{"rendered":"D\u00e9c\u00e8s de l\u2019ancien pr\u00e9sident nig\u00e9rian Muhammadu Buhari \u00e0 82 ans"},"content":{"rendered":"<p>L\u2019ancien pr\u00e9sident du Nigeria, Muhammadu Buhari, est d\u00e9c\u00e9d\u00e9 ce dimanche 13 juillet 2025 \u00e0 l\u2019\u00e2ge de 82 ans, dans une clinique priv\u00e9e \u00e0 Londres, selon un communiqu\u00e9 officiel de sa famille.<\/p>\n<p>Figure marquante de la vie politique nig\u00e9riane, Buhari a dirig\u00e9 le pays une premi\u00e8re fois en tant que militaire de 1983 \u00e0 1985, avant d\u2019\u00eatre \u00e9lu d\u00e9mocratiquement en 2015. Il fut ainsi le premier opposant \u00e0 battre un pr\u00e9sident sortant dans l\u2019histoire du Nigeria, et a exerc\u00e9 deux mandats jusqu\u2019en 2023.<\/p>\n<p>Le pr\u00e9sident en exercice, Bola Tinubu, a d\u00e9cr\u00e9t\u00e9 un deuil national de trois jours. Le corps de l\u2019ancien chef de l\u2019\u00c9tat sera rapatri\u00e9 dans les prochaines heures.<\/p>\n<p>Muhammadu Buhari laisse derri\u00e8re lui l\u2019image d\u2019un dirigeant aust\u00e8re, attach\u00e9 \u00e0 la discipline, mais dont les mandats civils ont \u00e9t\u00e9 marqu\u00e9s par des d\u00e9fis \u00e9conomiques et s\u00e9curitaires majeurs.<br \/>\nwww.burkinaonline.net<\/p>\n","protected":false},"excerpt":{"rendered":"<p>L\u2019ancien pr\u00e9sident du Nigeria, Muhammadu Buhari, est d\u00e9c\u00e9d\u00e9 ce dimanche 13 juillet 2025 \u00e0 l\u2019\u00e2ge&#8230;<\/p>\n","protected":false},"author":1,"featured_media":8107,"comment_status":"open","ping_status":"open","sticky":false,"template":"","format":"standard","meta":{"footnotes":""},"categories":[8,18,13],"tags":[],"class_list":["post-8106","post","type-post","status-publish","format-standard","has-post-thumbnail","hentry","category-post","category-international","category-societe"],"_links":{"self":[{"href":"https:\/\/burkinaonline.net\/index.php?rest_route=\/wp\/v2\/posts\/8106","targetHints":{"allow":["GET"]}}],"collection":[{"href":"https:\/\/burkinaonline.net\/index.php?rest_route=\/wp\/v2\/posts"}],"about":[{"href":"https:\/\/burkinaonline.net\/index.php?rest_route=\/wp\/v2\/types\/post"}],"author":[{"embeddable":true,"href":"https:\/\/burkinaonline.net\/index.php?rest_route=\/wp\/v2\/users\/1"}],"replies":[{"embeddable":true,"href":"https:\/\/burkinaonline.net\/index.php?rest_route=%2Fwp%2Fv2%2Fcomments&post=8106"}],"version-history":[{"count":1,"href":"https:\/\/burkinaonline.net\/index.php?rest_route=\/wp\/v2\/posts\/8106\/revisions"}],"predecessor-version":[{"id":8108,"href":"https:\/\/burkinaonline.net\/index.php?rest_route=\/wp\/v2\/posts\/8106\/revisions\/8108"}],"wp:featuredmedia":[{"embeddable":true,"href":"https:\/\/burkinaonline.net\/index.php?rest_route=\/wp\/v2\/media\/8107"}],"wp:attachment":[{"href":"https:\/\/burkinaonline.net\/index.php?rest_route=%2Fwp%2Fv2%2Fmedia&parent=8106"}],"wp:term":[{"taxonomy":"category","embeddable":true,"href":"https:\/\/burkinaonline.net\/index.php?rest_route=%2Fwp%2Fv2%2Fcategories&post=8106"},{"taxonomy":"post_tag","embeddable":true,"href":"https:\/\/burkinaonline.net\/index.php?rest_route=%2Fwp%2Fv2%2Ftags&post=8106"}],"curies":[{"name":"wp","href":"https:\/\/api.w.org\/{rel}","templated":true}]}}