{"id":8109,"date":"2025-07-14T09:17:49","date_gmt":"2025-07-14T09:17:49","guid":{"rendered":"https:\/\/burkinaonline.net\/?p=8109"},"modified":"2025-07-14T09:23:22","modified_gmt":"2025-07-14T09:23:22","slug":"paul-biya-92-ans-candidat-a-un-8e-mandat-un-cameroun-fige-dans-le-temps","status":"publish","type":"post","link":"https:\/\/burkinaonline.net\/?p=8109","title":{"rendered":"Paul Biya, 92 ans, candidat \u00e0 un 8e mandat : Une image d\u00e9gradante  de l\u2019Afrique"},"content":{"rendered":"<p class=\"p1\"><span class=\"s1\">\u00c0 92 ans, Paul Biya, pr\u00e9sident du Cameroun depuis 1982, se positionne une fois de plus comme candidat pour un 8e mandat. Une d\u00e9cision qui suscite des questionnements, tant au Cameroun qu\u2019\u00e0 l\u2019international. Quarante-deux ans apr\u00e8s son accession au pouvoir, beaucoup s\u2019interrogent : n\u2019y a-t-il pas de jeunes comp\u00e9tents capables d\u2019assurer la rel\u00e8ve ? Quel est le vrai bilan de ces quatre d\u00e9cennies de r\u00e8gne ? Et surtout, que promet-il de nouveau, qu\u2019il n\u2019a pas pu r\u00e9aliser en 40 ans ?<\/span><\/p>\n<p class=\"p1\"><span class=\"s1\">Une long\u00e9vit\u00e9 politique exceptionnelle\u2026 mais \u00e0 quel prix ?<\/span><\/p>\n<p class=\"p1\"><span class=\"s1\">Paul Biya est aujourd\u2019hui l\u2019un des plus anciens chefs d\u2019\u00c9tat au monde. S\u2019il a su maintenir une certaine stabilit\u00e9 dans un contexte r\u00e9gional troubl\u00e9, son r\u00e8gne est marqu\u00e9 par un autoritarisme persistant, des \u00e9lections contest\u00e9es, une libert\u00e9 d\u2019expression r\u00e9duite, une corruption end\u00e9mique et une gestion \u00e9conomique critiqu\u00e9e.<\/span><\/p>\n<p class=\"p1\"><span class=\"s1\">Des r\u00e9gions enti\u00e8res, comme le Nord-Ouest et le Sud-Ouest, sont plong\u00e9es dans un conflit arm\u00e9 depuis 2016. Le ch\u00f4mage des jeunes reste alarmant, les infrastructures m\u00e9dicales et \u00e9ducatives sont faibles, et l\u2019alternance politique semble bloqu\u00e9e.<\/span><\/p>\n<p class=\"p1\"><span class=\"s1\">La jeunesse \u00e9cart\u00e9e : une anomalie africaine<\/span><\/p>\n<p class=\"p1\"><span class=\"s1\">Dans un pays o\u00f9 plus de 60 % de la population a moins de 25 ans, voir un homme de 92 ans briguer un nouveau mandat illustre le foss\u00e9 entre les \u00e9lites au pouvoir et la majorit\u00e9 de la population. Ce refus de passer la main renforce l\u2019image d\u2019une Afrique fig\u00e9e, accroch\u00e9e \u00e0 ses dirigeants historiques, au d\u00e9triment de l\u2019innovation, du renouveau et de la d\u00e9mocratie.<\/span><\/p>\n<p class=\"p1\"><span class=\"s1\">Une image d\u00e9gradante<span class=\"Apple-converted-space\">\u00a0 <\/span>de l\u2019Afrique<\/span><\/p>\n<p class=\"p1\"><span class=\"s1\">Au XXIe si\u00e8cle, alors que l\u2019Afrique cherche \u00e0 s\u2019imposer comme un continent d\u2019avenir, dynamique et jeune, l\u2019image renvoy\u00e9e par un pr\u00e9sident nonag\u00e9naire au pouvoir depuis 1982 est d\u00e9sastreuse. Cela alimente les clich\u00e9s de \u201cg\u00e9rontocratie\u201d, de \u201cr\u00e9publique monarchique\u201d, et de blocage d\u00e9mocratique. Pendant que d\u2019autres pays africains exp\u00e9rimentent le changement et l\u2019alternance, le Cameroun reste dans une forme d\u2019immobilisme politique.<\/span><\/p>\n<p class=\"p1\"><span class=\"s1\">Que reste-t-il \u00e0 faire ?<\/span><\/p>\n<p class=\"p1\"><span class=\"s1\">La grande question reste : que peut encore promettre Paul Biya qu\u2019il n\u2019a pas r\u00e9alis\u00e9 en quatre d\u00e9cennies ? Peut-on s\u00e9rieusement croire qu\u2019il incarnera le renouveau et les r\u00e9formes dont le pays a cruellement besoin ? Ou s\u2019agit-il d\u2019une strat\u00e9gie pour maintenir un syst\u00e8me, une \u00e9lite, et \u00e9viter l\u2019ouverture d\u00e9mocratique v\u00e9ritable?<\/span><\/p>\n<p class=\"p1\"><span class=\"s1\">Cette nouvelle candidature de Paul Biya \u00e0 92 ans n\u2019est pas seulement une affaire camerounaise. Elle interpelle toute l\u2019Afrique sur la question de la transmission du pouvoir, de la vitalit\u00e9 d\u00e9mocratique et de l\u2019avenir des jeunes g\u00e9n\u00e9rations. Le Cameroun, comme beaucoup d\u2019autres pays, a besoin d\u2019une nouvelle respiration politique. Continuer \u00e0 repousser l\u2019alternance, c\u2019est prendre le risque d\u2019une alternance par la violence.<\/span><\/p>\n<p class=\"p1\"><span class=\"s2\">www.burkinaonline.net<\/span><\/p>\n","protected":false},"excerpt":{"rendered":"<p>\u00c0 92 ans, Paul Biya, pr\u00e9sident du Cameroun depuis 1982, se positionne une fois de&#8230;<\/p>\n","protected":false},"author":1,"featured_media":8110,"comment_status":"open","ping_status":"open","sticky":false,"template":"","format":"standard","meta":{"footnotes":""},"categories":[8,18,11],"tags":[],"class_list":["post-8109","post","type-post","status-publish","format-standard","has-post-thumbnail","hentry","category-post","category-international","category-politique"],"_links":{"self":[{"href":"https:\/\/burkinaonline.net\/index.php?rest_route=\/wp\/v2\/posts\/8109","targetHints":{"allow":["GET"]}}],"collection":[{"href":"https:\/\/burkinaonline.net\/index.php?rest_route=\/wp\/v2\/posts"}],"about":[{"href":"https:\/\/burkinaonline.net\/index.php?rest_route=\/wp\/v2\/types\/post"}],"author":[{"embeddable":true,"href":"https:\/\/burkinaonline.net\/index.php?rest_route=\/wp\/v2\/users\/1"}],"replies":[{"embeddable":true,"href":"https:\/\/burkinaonline.net\/index.php?rest_route=%2Fwp%2Fv2%2Fcomments&post=8109"}],"version-history":[{"count":2,"href":"https:\/\/burkinaonline.net\/index.php?rest_route=\/wp\/v2\/posts\/8109\/revisions"}],"predecessor-version":[{"id":8112,"href":"https:\/\/burkinaonline.net\/index.php?rest_route=\/wp\/v2\/posts\/8109\/revisions\/8112"}],"wp:featuredmedia":[{"embeddable":true,"href":"https:\/\/burkinaonline.net\/index.php?rest_route=\/wp\/v2\/media\/8110"}],"wp:attachment":[{"href":"https:\/\/burkinaonline.net\/index.php?rest_route=%2Fwp%2Fv2%2Fmedia&parent=8109"}],"wp:term":[{"taxonomy":"category","embeddable":true,"href":"https:\/\/burkinaonline.net\/index.php?rest_route=%2Fwp%2Fv2%2Fcategories&post=8109"},{"taxonomy":"post_tag","embeddable":true,"href":"https:\/\/burkinaonline.net\/index.php?rest_route=%2Fwp%2Fv2%2Ftags&post=8109"}],"curies":[{"name":"wp","href":"https:\/\/api.w.org\/{rel}","templated":true}]}}