{"id":8116,"date":"2025-07-14T21:26:56","date_gmt":"2025-07-14T21:26:56","guid":{"rendered":"https:\/\/burkinaonline.net\/?p=8116"},"modified":"2025-07-14T21:32:32","modified_gmt":"2025-07-14T21:32:32","slug":"diomaye-faye-dement-toute-tension-avec-ousmane-sonko-notre-collaboration-est-excellente","status":"publish","type":"post","link":"https:\/\/burkinaonline.net\/?p=8116","title":{"rendered":"Diomaye Faye d\u00e9ment toute tension avec Ousmane Sonko : \u00ab Notre collaboration est excellente \u00bb"},"content":{"rendered":"<p>Des rumeurs persistantes \u00e9voquant des tensions entre le pr\u00e9sident s\u00e9n\u00e9galais Bassirou Diomaye Faye et son Premier ministre Ousmane Sonko ont agit\u00e9 les r\u00e9seaux sociaux et une partie de la presse ces derniers jours. Mais le chef de l\u2019\u00c9tat a tenu \u00e0 mettre les choses au clair. Lors de la c\u00e9r\u00e9monie officielle de remise du rapport du Dialogue national, ce lundi, il a fermement d\u00e9menti tout malentendu.<\/p>\n<p>\u00ab Une collaboration fluide et respectueuse \u00bb<\/p>\n<p>Prenant la parole devant les repr\u00e9sentants de la Nation, le pr\u00e9sident Faye a d\u00e9clar\u00e9 :<\/p>\n<p>\u00ab Je tiens \u00e0 rassurer le peuple s\u00e9n\u00e9galais : ma collaboration avec le Premier ministre Ousmane Sonko est excellente, fluide et respectueuse. \u00bb<\/p>\n<p>Ces propos viennent balayer les sp\u00e9culations sur une suppos\u00e9e m\u00e9sentente entre les deux figures majeures de l\u2019ex\u00e9cutif s\u00e9n\u00e9galais, issues du m\u00eame projet politique port\u00e9 par le parti PASTEF.<\/p>\n<p>Des divergences, mais pas de division<\/p>\n<p>Certains observateurs avaient cru percevoir des tensions dans les r\u00e9cents discours tenus par Ousmane Sonko, notamment lorsqu\u2019il appelait \u00e0 davantage de fermet\u00e9 dans l\u2019application des r\u00e9formes. Des propos interpr\u00e9t\u00e9s comme un signe de d\u00e9saccord strat\u00e9gique.<\/p>\n<p>Mais pour le pr\u00e9sident Faye, il s\u2019agit l\u00e0 d\u2019une simple expression de la diversit\u00e9 des approches au sein d\u2019un m\u00eame engagement : faire avancer le S\u00e9n\u00e9gal vers une gouvernance plus juste, plus transparente et plus souveraine.<\/p>\n<p>Un duo sous surveillance<\/p>\n<p>Depuis leur arriv\u00e9e au pouvoir en mars 2024, Diomaye Faye et Ousmane Sonko incarnent une nouvelle g\u00e9n\u00e9ration politique au S\u00e9n\u00e9gal. Leur tandem, in\u00e9dit dans l\u2019histoire du pays, suscite \u00e0 la fois espoir et vigilance. Leur capacit\u00e9 \u00e0 travailler ensemble est scrut\u00e9e de pr\u00e8s, tant \u00e0 l\u2019int\u00e9rieur qu\u2019\u00e0 l\u2019ext\u00e9rieur du pays.<\/p>\n<p>Le pr\u00e9sident Faye semble en \u00eatre parfaitement conscient, d\u2019o\u00f9 cette volont\u00e9 affich\u00e9e de rassurer, de d\u00e9samorcer les rumeurs et de r\u00e9affirmer l\u2019unit\u00e9 de l\u2019ex\u00e9cutif.<\/p>\n<p>\u00c0 travers cette prise de parole publique, Bassirou Diomaye Faye cherche \u00e0 recentrer le d\u00e9bat sur l\u2019essentiel : le travail au service des S\u00e9n\u00e9galais. Son message est limpide : il n\u2019y a pas de crise au sommet de l\u2019\u00c9tat, mais une volont\u00e9 commune de r\u00e9ussir la transformation promise. Reste maintenant \u00e0 poursuivre les r\u00e9formes dans la coh\u00e9rence et la solidarit\u00e9, sans pr\u00eater le flanc aux pol\u00e9miques inutiles.<\/p>\n<p>www.buekinaonline.net<\/p>\n","protected":false},"excerpt":{"rendered":"<p>Des rumeurs persistantes \u00e9voquant des tensions entre le pr\u00e9sident s\u00e9n\u00e9galais Bassirou Diomaye Faye et son&#8230;<\/p>\n","protected":false},"author":1,"featured_media":8118,"comment_status":"open","ping_status":"open","sticky":false,"template":"","format":"standard","meta":{"footnotes":""},"categories":[8,18,11,13],"tags":[],"class_list":["post-8116","post","type-post","status-publish","format-standard","has-post-thumbnail","hentry","category-post","category-international","category-politique","category-societe"],"_links":{"self":[{"href":"https:\/\/burkinaonline.net\/index.php?rest_route=\/wp\/v2\/posts\/8116","targetHints":{"allow":["GET"]}}],"collection":[{"href":"https:\/\/burkinaonline.net\/index.php?rest_route=\/wp\/v2\/posts"}],"about":[{"href":"https:\/\/burkinaonline.net\/index.php?rest_route=\/wp\/v2\/types\/post"}],"author":[{"embeddable":true,"href":"https:\/\/burkinaonline.net\/index.php?rest_route=\/wp\/v2\/users\/1"}],"replies":[{"embeddable":true,"href":"https:\/\/burkinaonline.net\/index.php?rest_route=%2Fwp%2Fv2%2Fcomments&post=8116"}],"version-history":[{"count":2,"href":"https:\/\/burkinaonline.net\/index.php?rest_route=\/wp\/v2\/posts\/8116\/revisions"}],"predecessor-version":[{"id":8119,"href":"https:\/\/burkinaonline.net\/index.php?rest_route=\/wp\/v2\/posts\/8116\/revisions\/8119"}],"wp:featuredmedia":[{"embeddable":true,"href":"https:\/\/burkinaonline.net\/index.php?rest_route=\/wp\/v2\/media\/8118"}],"wp:attachment":[{"href":"https:\/\/burkinaonline.net\/index.php?rest_route=%2Fwp%2Fv2%2Fmedia&parent=8116"}],"wp:term":[{"taxonomy":"category","embeddable":true,"href":"https:\/\/burkinaonline.net\/index.php?rest_route=%2Fwp%2Fv2%2Fcategories&post=8116"},{"taxonomy":"post_tag","embeddable":true,"href":"https:\/\/burkinaonline.net\/index.php?rest_route=%2Fwp%2Fv2%2Ftags&post=8116"}],"curies":[{"name":"wp","href":"https:\/\/api.w.org\/{rel}","templated":true}]}}