{"id":8124,"date":"2025-07-16T09:36:27","date_gmt":"2025-07-16T09:36:27","guid":{"rendered":"https:\/\/burkinaonline.net\/?p=8124"},"modified":"2025-07-16T09:36:39","modified_gmt":"2025-07-16T09:36:39","slug":"mali-choguel-kokalla-maiga-sort-du-silence-et-met-en-garde-contre-le-renversement-de-la-transition","status":"publish","type":"post","link":"https:\/\/burkinaonline.net\/?p=8124","title":{"rendered":"Mali : Choguel Kokalla Ma\u00efga sort du silence et met en garde contre le renversement de la transition"},"content":{"rendered":"<p class=\"p1\">L\u2019ancien Premier ministre malien, Dr Choguel Kokalla Ma\u00efga, a rompu le silence ce dimanche 14 juillet 2025, \u00e0 travers une tribune publi\u00e9e sur le site d\u2019information Bamada.net. \u00c9vinc\u00e9 de la Primature depuis plusieurs mois, il reste fid\u00e8le \u00e0 sa ligne : soutien aux autorit\u00e9s de la transition, mais sans complaisance face aux d\u00e9rives constat\u00e9es dans la gestion du pouvoir.<\/p>\n<p class=\"p1\"><span class=\"s1\">Un soutien sans ambigu\u00eft\u00e9 \u00e0 la transition<\/span><\/p>\n<p class=\"p1\"><span class=\"s1\">Dans sa d\u00e9claration, Choguel Ma\u00efga affirme de fa\u00e7on cat\u00e9gorique : \u00ab Je rejette formellement les appels au renversement de la Transition \u00bb. Selon lui, malgr\u00e9 les imperfections du processus en cours, le Mali ne gagnerait rien \u00e0 un nouveau basculement institutionnel. Il alerte sur les risques de chaos g\u00e9n\u00e9ralis\u00e9, d\u2019instabilit\u00e9 prolong\u00e9e et de perte de rep\u00e8res si un tel sc\u00e9nario venait \u00e0 se concr\u00e9tiser.<\/span><\/p>\n<p class=\"p1\"><span class=\"s1\">Des critiques ouvertes sur la gouvernance actuelle<\/span><\/p>\n<p class=\"p1\"><span class=\"s1\">L\u2019ancien chef du gouvernement n\u2019\u00e9pargne pourtant pas les actuelles autorit\u00e9s militaires. Il d\u00e9nonce ce qu\u2019il qualifie de \u00ab gestion trop personnalis\u00e9e du pouvoir \u00bb et s\u2019inqui\u00e8te de la modification unilat\u00e9rale de la Charte de la transition. Il met en garde contre l\u2019illusion d\u2019un pouvoir durable fond\u00e9 sur la peur, estimant que seule la l\u00e9gitimit\u00e9 populaire et l\u2019inclusion peuvent garantir la stabilit\u00e9 \u00e0 long terme.<\/span><\/p>\n<p class=\"p1\"><span class=\"s1\">Refus de toute n\u00e9gociation avec les groupes terroristes<\/span><\/p>\n<p class=\"p1\"><span class=\"s1\">Choguel Ma\u00efga r\u00e9affirme aussi sa position ferme sur la question s\u00e9curitaire. Pour lui, aucun dialogue ne doit \u00eatre engag\u00e9 avec les groupes terroristes qui s\u00e8ment la mort et le chaos dans plusieurs r\u00e9gions du pays. Il appelle \u00e0 une posture de fermet\u00e9 et \u00e0 une reconstruction de l\u2019autorit\u00e9 de l\u2019\u00c9tat sur l\u2019ensemble du territoire national.<\/span><\/p>\n<p class=\"p1\"><span class=\"s1\">Appel \u00e0 une sortie pacifique et concert\u00e9e<\/span><\/p>\n<p class=\"p1\"><span class=\"s1\">Plut\u00f4t qu\u2019un affrontement ou une rupture brutale, l\u2019ancien Premier ministre plaide pour une sortie pacifique, concert\u00e9e et encadr\u00e9e de la transition. Il estime que le peuple malien a assez souffert de coups d\u2019\u00c9tat, de gouvernances improvis\u00e9es et de politiques excluantes. Il appelle les forces vives de la nation \u00e0 dialoguer dans un cadre clair pour \u00e9viter que le pays ne sombre de nouveau dans la crise.<\/span><\/p>\n<p class=\"p1\"><span class=\"s1\">Une voix qui compte encore<\/span><\/p>\n<p class=\"p1\"><span class=\"s1\">Bien qu\u2019\u00e9cart\u00e9 de la Primature, Choguel Kokalla Ma\u00efga reste une figure influente de la sc\u00e8ne politique malienne. Sa sortie publique intervient dans un contexte de tensions croissantes, d\u2019incertitudes sur le calendrier de la transition et de pression internationale pour un retour rapide \u00e0 l\u2019ordre constitutionnel.<\/span><\/p>\n<p class=\"p1\"><span class=\"s1\">Avec cette tribune, il tente de se repositionner comme une voix d\u2019\u00e9quilibre : critique mais responsable, engag\u00e9e sans \u00eatre d\u00e9stabilisatrice. Une posture qui pourrait bien peser dans les d\u00e9bats \u00e0 venir sur l\u2019avenir du Mali.<\/span><\/p>\n<p class=\"p1\"><span class=\"s1\">www.burkinaonline.net<\/span><\/p>\n","protected":false},"excerpt":{"rendered":"<p>L\u2019ancien Premier ministre malien, Dr Choguel Kokalla Ma\u00efga, a rompu le silence ce dimanche 14&#8230;<\/p>\n","protected":false},"author":1,"featured_media":8126,"comment_status":"open","ping_status":"open","sticky":false,"template":"","format":"standard","meta":{"footnotes":""},"categories":[1],"tags":[],"class_list":["post-8124","post","type-post","status-publish","format-standard","has-post-thumbnail","hentry","category-non-classe"],"_links":{"self":[{"href":"https:\/\/burkinaonline.net\/index.php?rest_route=\/wp\/v2\/posts\/8124","targetHints":{"allow":["GET"]}}],"collection":[{"href":"https:\/\/burkinaonline.net\/index.php?rest_route=\/wp\/v2\/posts"}],"about":[{"href":"https:\/\/burkinaonline.net\/index.php?rest_route=\/wp\/v2\/types\/post"}],"author":[{"embeddable":true,"href":"https:\/\/burkinaonline.net\/index.php?rest_route=\/wp\/v2\/users\/1"}],"replies":[{"embeddable":true,"href":"https:\/\/burkinaonline.net\/index.php?rest_route=%2Fwp%2Fv2%2Fcomments&post=8124"}],"version-history":[{"count":1,"href":"https:\/\/burkinaonline.net\/index.php?rest_route=\/wp\/v2\/posts\/8124\/revisions"}],"predecessor-version":[{"id":8127,"href":"https:\/\/burkinaonline.net\/index.php?rest_route=\/wp\/v2\/posts\/8124\/revisions\/8127"}],"wp:featuredmedia":[{"embeddable":true,"href":"https:\/\/burkinaonline.net\/index.php?rest_route=\/wp\/v2\/media\/8126"}],"wp:attachment":[{"href":"https:\/\/burkinaonline.net\/index.php?rest_route=%2Fwp%2Fv2%2Fmedia&parent=8124"}],"wp:term":[{"taxonomy":"category","embeddable":true,"href":"https:\/\/burkinaonline.net\/index.php?rest_route=%2Fwp%2Fv2%2Fcategories&post=8124"},{"taxonomy":"post_tag","embeddable":true,"href":"https:\/\/burkinaonline.net\/index.php?rest_route=%2Fwp%2Fv2%2Ftags&post=8124"}],"curies":[{"name":"wp","href":"https:\/\/api.w.org\/{rel}","templated":true}]}}