{"id":8148,"date":"2025-07-21T08:02:01","date_gmt":"2025-07-21T08:02:01","guid":{"rendered":"https:\/\/burkinaonline.net\/?p=8148"},"modified":"2025-07-21T08:02:01","modified_gmt":"2025-07-21T08:02:01","slug":"burkina-faso-une-reprise-economique-en-cours-malgre-des-defis-persistants","status":"publish","type":"post","link":"https:\/\/burkinaonline.net\/?p=8148","title":{"rendered":"Burkina Faso : une reprise \u00e9conomique en cours malgr\u00e9 des d\u00e9fis persistants"},"content":{"rendered":"<p class=\"p1\"><span class=\"s1\">Le dernier rapport de la Banque mondiale, publi\u00e9 le 10 juillet 2025, dresse un tableau plut\u00f4t encourageant de l\u2019\u00e9conomie burkinab\u00e8. Apr\u00e8s une ann\u00e9e 2023 difficile, le pays a enregistr\u00e9 une croissance de 4,9\u202f% en 2024. Une performance port\u00e9e principalement par l\u2019agriculture et les services, deux piliers essentiels de l\u2019\u00e9conomie locale.<\/span><\/p>\n<p class=\"p1\"><span class=\"s1\">Mais derri\u00e8re ces bons chiffres se cachent aussi des fragilit\u00e9s qu\u2019il ne faut pas ignorer.<\/span><\/p>\n<p class=\"p1\"><span class=\"s1\">Une \u00e9conomie qui tient, malgr\u00e9 tout<\/span><\/p>\n<p class=\"p1\"><span class=\"s1\">La production agricole a bien r\u00e9sist\u00e9, soutenue par une meilleure saison des pluies dans certaines r\u00e9gions. Le secteur des services, notamment le commerce et les t\u00e9l\u00e9communications, a aussi progress\u00e9. En revanche, l\u2019activit\u00e9 mini\u00e8re, surtout l\u2019or, a recul\u00e9. Cela s\u2019explique en partie par l\u2019ins\u00e9curit\u00e9 dans plusieurs zones d\u2019exploitation et par des tensions sur le march\u00e9 mondial.<\/span><\/p>\n<p class=\"p1\"><span class=\"s1\">Moins de pauvret\u00e9, mais une inflation en hausse<\/span><\/p>\n<p class=\"p1\"><span class=\"s1\">Bonne nouvelle : le taux de pauvret\u00e9 extr\u00eame est pass\u00e9 \u00e0 23,2\u202f%, soit trois points de moins que l\u2019ann\u00e9e pr\u00e9c\u00e9dente. Cela signifie que plusieurs centaines de milliers de Burkinab\u00e8 ont am\u00e9lior\u00e9 leurs conditions de vie.<\/span><\/p>\n<p class=\"p1\"><span class=\"s1\">Mais tout n\u2019est pas rose. L\u2019inflation a bondi \u00e0 4,2\u202f%, principalement \u00e0 cause de la hausse des prix alimentaires et des effets du climat sur les r\u00e9coltes. Cela p\u00e8se sur les m\u00e9nages, surtout les plus vuln\u00e9rables.<\/span><\/p>\n<p class=\"p1\"><span class=\"s1\">Un budget sous contr\u00f4le<\/span><\/p>\n<p class=\"p1\"><span class=\"s1\">L\u2019\u00c9tat burkinab\u00e8 a r\u00e9ussi \u00e0 r\u00e9duire son d\u00e9ficit budg\u00e9taire, pass\u00e9 de 6,5\u202f% \u00e0 5,6\u202f% du PIB. Les recettes fiscales ont augment\u00e9, et certaines d\u00e9penses ont \u00e9t\u00e9 mieux ma\u00eetris\u00e9es. Pour financer ce d\u00e9ficit, le gouvernement a eu recours aux march\u00e9s financiers r\u00e9gionaux, mais \u00e0 des taux d\u2019int\u00e9r\u00eat \u00e9lev\u00e9s (plus de 9\u202f%). Cela reste un point de vigilance.<\/span><\/p>\n<p class=\"p1\"><span class=\"s1\">L\u2019\u00e9lectricit\u00e9, un frein au d\u00e9veloppement<\/span><\/p>\n<p class=\"p1\"><span class=\"s1\">Le rapport consacre un chapitre sp\u00e9cial \u00e0 l\u2019\u00e9nergie, qualifi\u00e9e de \u00ab\u202fcl\u00e9 pour relancer la croissance\u202f\u00bb. Moins d\u2019un Burkinab\u00e8 sur quatre a acc\u00e8s \u00e0 l\u2019\u00e9lectricit\u00e9. Et dans les zones rurales, c\u2019est encore pire. Cela freine l\u2019industrialisation, emp\u00eache la transformation des produits agricoles, et limite les opportunit\u00e9s \u00e9conomiques.<\/span><\/p>\n<p class=\"p1\"><span class=\"s1\">La Banque mondiale recommande :<\/span><\/p>\n<p class=\"p3\"><span class=\"s1\"> \u2022 une r\u00e9forme du secteur pour rendre l\u2019\u00e9lectricit\u00e9 plus fiable et plus accessible ;<\/span><\/p>\n<p class=\"p3\"><span class=\"s1\"> \u2022 un investissement massif dans les \u00e9nergies renouvelables, notamment le solaire ;<\/span><\/p>\n<p class=\"p3\"><span class=\"s1\"> \u2022 le d\u00e9veloppement de solutions hors r\u00e9seau, surtout pour les zones rurales.<\/span><\/p>\n<p class=\"p1\"><span class=\"s1\"> Et maintenant ?<\/span><\/p>\n<p class=\"p1\"><span class=\"s1\">La croissance devrait ralentir l\u00e9g\u00e8rement en 2025, autour de 4,3\u202f%, avant de repartir \u00e0 la hausse en 2026. Mais tout d\u00e9pendra de plusieurs facteurs : la s\u00e9curit\u00e9, le climat, et la capacit\u00e9 de l\u2019\u00c9tat \u00e0 continuer les r\u00e9formes.<\/span><\/p>\n<p class=\"p1\"><span class=\"s1\">L\u2019\u00e9conomie burkinab\u00e8 montre donc des signes positifs. Mais pour transformer l\u2019essai, il faudra relever trois grands d\u00e9fis : l\u2019\u00e9nergie, la s\u00e9curit\u00e9, et l\u2019emploi des jeunes. Le chemin est encore long, mais les bases d\u2019un redressement durable sont pos\u00e9es.<\/span><\/p>\n<p>www.burkinaonline.net<\/p>\n","protected":false},"excerpt":{"rendered":"<p>Le dernier rapport de la Banque mondiale, publi\u00e9 le 10 juillet 2025, dresse un tableau&#8230;<\/p>\n","protected":false},"author":1,"featured_media":8149,"comment_status":"open","ping_status":"open","sticky":false,"template":"","format":"standard","meta":{"footnotes":""},"categories":[8,10,15],"tags":[],"class_list":["post-8148","post","type-post","status-publish","format-standard","has-post-thumbnail","hentry","category-post","category-burkina-faso","category-economie"],"_links":{"self":[{"href":"https:\/\/burkinaonline.net\/index.php?rest_route=\/wp\/v2\/posts\/8148","targetHints":{"allow":["GET"]}}],"collection":[{"href":"https:\/\/burkinaonline.net\/index.php?rest_route=\/wp\/v2\/posts"}],"about":[{"href":"https:\/\/burkinaonline.net\/index.php?rest_route=\/wp\/v2\/types\/post"}],"author":[{"embeddable":true,"href":"https:\/\/burkinaonline.net\/index.php?rest_route=\/wp\/v2\/users\/1"}],"replies":[{"embeddable":true,"href":"https:\/\/burkinaonline.net\/index.php?rest_route=%2Fwp%2Fv2%2Fcomments&post=8148"}],"version-history":[{"count":1,"href":"https:\/\/burkinaonline.net\/index.php?rest_route=\/wp\/v2\/posts\/8148\/revisions"}],"predecessor-version":[{"id":8150,"href":"https:\/\/burkinaonline.net\/index.php?rest_route=\/wp\/v2\/posts\/8148\/revisions\/8150"}],"wp:featuredmedia":[{"embeddable":true,"href":"https:\/\/burkinaonline.net\/index.php?rest_route=\/wp\/v2\/media\/8149"}],"wp:attachment":[{"href":"https:\/\/burkinaonline.net\/index.php?rest_route=%2Fwp%2Fv2%2Fmedia&parent=8148"}],"wp:term":[{"taxonomy":"category","embeddable":true,"href":"https:\/\/burkinaonline.net\/index.php?rest_route=%2Fwp%2Fv2%2Fcategories&post=8148"},{"taxonomy":"post_tag","embeddable":true,"href":"https:\/\/burkinaonline.net\/index.php?rest_route=%2Fwp%2Fv2%2Ftags&post=8148"}],"curies":[{"name":"wp","href":"https:\/\/api.w.org\/{rel}","templated":true}]}}