{"id":8151,"date":"2025-07-22T10:17:53","date_gmt":"2025-07-22T10:17:53","guid":{"rendered":"https:\/\/burkinaonline.net\/?p=8151"},"modified":"2025-07-22T14:26:20","modified_gmt":"2025-07-22T14:26:20","slug":"burkinafaso-mali-les-coulisses-du-mariage-de-linfluenceuse-djamila-diallo-et-de-cherif-ahmed-tidiane-haidara","status":"publish","type":"post","link":"https:\/\/burkinaonline.net\/?p=8151","title":{"rendered":"BurkinaFaso| Mali : Les coulisses du mariage de l\u2019influenceuse Djamila Diallo et de  Ch\u00e9rif Ahmed Tidiane Haidara"},"content":{"rendered":"<p class=\"p1\"><span class=\"s1\">Le guide spirituel malien, Ch\u00e9rif Ousmane Madani Haidara, s\u2019est prononc\u00e9 sur l\u2019union de son fils, As Se\u00efd Ch\u00e9rif Ahmed Tidiane Haidara, avec l\u2019influenceuse Burkinab\u00e8 Djamila Diallo. Dans une vid\u00e9o visionn\u00e9e par #BurkinaOnline, le fondateur du mouvement An\u00e7ar Dine a d\u00e9voil\u00e9 les coulisses de cette union familiale.<\/span><\/p>\n<p class=\"p1\"><span class=\"s1\">Selon ses propos, Djamila Diallo et sa m\u00e8re se sont rendues aupr\u00e8s de lui pour exprimer leur volont\u00e9 de voir se concr\u00e9tiser le mariage avec son fils. Fid\u00e8le \u00e0 ses principes religieux, Ch\u00e9rif Haidara a consult\u00e9 les m\u00e8res de ses enfants, qui ont toutes r\u00e9pondu favorablement : <\/span><span class=\"s2\">\u00ab Si quelqu\u2019un vient \u00e0 nous dans le sens de consolider la religion, il ne faut pas le rejeter. \u00bb<\/span><\/p>\n<p class=\"p1\"><span class=\"s1\">Le chef religieux a ensuite confi\u00e9 la suite des d\u00e9marches au pr\u00e9sident international du mouvement An\u00e7ar Dine, garantissant que le mariage se d\u00e9roule dans le respect des valeurs islamiques.<\/span><\/p>\n<p class=\"p1\"><span class=\"s1\">Dans un geste de grande humilit\u00e9, Ch\u00e9rif Haidara a tenu \u00e0 rappeler \u00e0 la nouvelle mari\u00e9e que sa famille n\u2019est pas une famille de richesses, ni de puissants, mais une famille modeste : <\/span><span class=\"s2\">\u00ab Nous sommes une famille de mendiants. <\/span>Le jour o\u00f9 il n\u2019y aura que du fonio sec, nous le mangerons ensemble. Le jour o\u00f9 il n\u2019y aura que des arachides, ce sera pareil. \u00bb<\/p>\n<p class=\"p1\"><span class=\"s1\">Par cette d\u00e9claration, Ch\u00e9rif Ousmane Madani Haidara souligne que l\u2019amour, la foi et la simplicit\u00e9 doivent toujours primer dans une union b\u00e9nie.<\/span><\/p>\n<p class=\"p1\"><span class=\"s1\">\u00c0 travers cette union, c\u2019est un pont entre le Mali et le Burkina, entre tradition religieuse et modernit\u00e9, qui se construit sous le regard bienveillant de l\u2019influent guide spirituel.<\/span><\/p>\n<p class=\"p1\"><span class=\"s3\">www.burkinaonline.net<\/span><\/p>\n","protected":false},"excerpt":{"rendered":"<p>Le guide spirituel malien, Ch\u00e9rif Ousmane Madani Haidara, s\u2019est prononc\u00e9 sur l\u2019union de son fils,&#8230;<\/p>\n","protected":false},"author":1,"featured_media":8152,"comment_status":"open","ping_status":"open","sticky":false,"template":"","format":"standard","meta":{"footnotes":""},"categories":[8,30,10,14,13],"tags":[],"class_list":["post-8151","post","type-post","status-publish","format-standard","has-post-thumbnail","hentry","category-post","category-aes","category-burkina-faso","category-culture","category-societe"],"_links":{"self":[{"href":"https:\/\/burkinaonline.net\/index.php?rest_route=\/wp\/v2\/posts\/8151","targetHints":{"allow":["GET"]}}],"collection":[{"href":"https:\/\/burkinaonline.net\/index.php?rest_route=\/wp\/v2\/posts"}],"about":[{"href":"https:\/\/burkinaonline.net\/index.php?rest_route=\/wp\/v2\/types\/post"}],"author":[{"embeddable":true,"href":"https:\/\/burkinaonline.net\/index.php?rest_route=\/wp\/v2\/users\/1"}],"replies":[{"embeddable":true,"href":"https:\/\/burkinaonline.net\/index.php?rest_route=%2Fwp%2Fv2%2Fcomments&post=8151"}],"version-history":[{"count":3,"href":"https:\/\/burkinaonline.net\/index.php?rest_route=\/wp\/v2\/posts\/8151\/revisions"}],"predecessor-version":[{"id":8157,"href":"https:\/\/burkinaonline.net\/index.php?rest_route=\/wp\/v2\/posts\/8151\/revisions\/8157"}],"wp:featuredmedia":[{"embeddable":true,"href":"https:\/\/burkinaonline.net\/index.php?rest_route=\/wp\/v2\/media\/8152"}],"wp:attachment":[{"href":"https:\/\/burkinaonline.net\/index.php?rest_route=%2Fwp%2Fv2%2Fmedia&parent=8151"}],"wp:term":[{"taxonomy":"category","embeddable":true,"href":"https:\/\/burkinaonline.net\/index.php?rest_route=%2Fwp%2Fv2%2Fcategories&post=8151"},{"taxonomy":"post_tag","embeddable":true,"href":"https:\/\/burkinaonline.net\/index.php?rest_route=%2Fwp%2Fv2%2Ftags&post=8151"}],"curies":[{"name":"wp","href":"https:\/\/api.w.org\/{rel}","templated":true}]}}