{"id":8158,"date":"2025-07-22T15:46:00","date_gmt":"2025-07-22T15:46:00","guid":{"rendered":"https:\/\/burkinaonline.net\/?p=8158"},"modified":"2025-07-22T16:15:30","modified_gmt":"2025-07-22T16:15:30","slug":"don-cimaf-dioulasso-fait-parler-son-coeur-en-faveur-du-csps-de-bouende","status":"publish","type":"post","link":"https:\/\/burkinaonline.net\/?p=8158","title":{"rendered":"Don : CIMAF Dioulasso fait parler son c\u0153ur en faveur du CSPS de Bouend\u00e9"},"content":{"rendered":"<p>Dans la matin\u00e9e de ce mardi 22 juillet 2025, dans l\u2019enceinte de l\u2019usine CIMAF Dioulasso, un acte de solidarit\u00e9 exemplaire a \u00e9t\u00e9 pos\u00e9 : la remise officielle d\u2019un important lot de m\u00e9dicaments au CSPS de Bouend\u00e9, un village de la \u00a0commune rurale de Karangasso-Sambla, province du Houet.<br \/>\nCe don, d\u2019une valeur de plus de 1 500 000 F CFA, s\u2019inscrit dans le cadre de la politique de responsabilit\u00e9 soci\u00e9tale de l\u2019entreprise, r\u00e9solument engag\u00e9e pour le bien-\u00eatre des communaut\u00e9s locales.<\/p>\n<p>En r\u00e9ponse \u00e0 une correspondance re\u00e7ue il y a quelques semaines, la cimenterie CIMAF Dioulasso a r\u00e9agi promptement, d\u00e9montrant son sens de l\u2019\u00e9coute et son engagement citoyen. Les m\u00e9dicaments viennent r\u00e9pondre \u00e0 un besoin urgent, dans un centre de sant\u00e9 r\u00e9guli\u00e8rement confront\u00e9 \u00e0 des ruptures de stock et \u00e0 des difficult\u00e9s d\u2019approvisionnement.<\/p>\n<p>Le don a \u00e9t\u00e9 officiellement remis par le Directeur G\u00e9n\u00e9ral de CIMAF Dioulasso, M. Ismaayl HAMMI, accompagn\u00e9 du Directeur Commercial et Marketing, M. Claude KOMPAOR\u00c9, \u00e0 M. Daouda Ou\u00e9draogo, Infirmier Chef de Poste du CSPS de Bouend\u00e9 repr\u00e9sentant le M\u00e9decin Chef de District. Un geste unanimement salu\u00e9, tant sa port\u00e9e est vitale pour cette localit\u00e9.<\/p>\n<p>\u00ab En tant qu\u2019entreprise citoyenne, il est de notre devoir de soutenir les structures de sant\u00e9 locales. Ce don traduit notre engagement \u00e0 accompagner les efforts des autorit\u00e9s sanitaires pour am\u00e9liorer l\u2019acc\u00e8s aux soins, notamment dans les zones rurales \u00bb, a d\u00e9clar\u00e9 M. Ismaayl HAMMI.<\/p>\n<p>De son c\u00f4t\u00e9, M. Daouda Ou\u00e9draogo n\u2019a pas cach\u00e9 sa reconnaissance : \u00ab Ce don vient \u00e0 point nomm\u00e9. Il va nous permettre d\u2019assurer une meilleure prise en charge des patients, surtout dans un contexte o\u00f9 les ressources sont souvent limit\u00e9es.<br \/>\nNous remercions sinc\u00e8rement CIMAF pour ce geste salvateur. \u00bb<\/p>\n<p>\u00c0 travers cette action, CIMAF r\u00e9affirme sa volont\u00e9 d\u2019\u00eatre un acteur du d\u00e9veloppement, non seulement \u00e9conomique, mais aussi social et sanitaire au Burkina Faso.<\/p>\n<p>Un geste simple, mais porteur d\u2019espoir. Merci CIMAF.<br \/>\nwww.burkinaonline.net<\/p>\n<p><a href=\"http:\/\/burkinaonline.net\/wp-content\/uploads\/2025\/07\/615195d1-ed7a-4d13-9cab-438fa8946567.jpeg\"><img decoding=\"async\" class=\"alignnone size-medium wp-image-8161\" src=\"http:\/\/burkinaonline.net\/wp-content\/uploads\/2025\/07\/615195d1-ed7a-4d13-9cab-438fa8946567-300x139.jpeg\" alt=\"\" width=\"300\" height=\"139\" srcset=\"https:\/\/burkinaonline.net\/wp-content\/uploads\/2025\/07\/615195d1-ed7a-4d13-9cab-438fa8946567-300x139.jpeg 300w, https:\/\/burkinaonline.net\/wp-content\/uploads\/2025\/07\/615195d1-ed7a-4d13-9cab-438fa8946567-768x355.jpeg 768w, https:\/\/burkinaonline.net\/wp-content\/uploads\/2025\/07\/615195d1-ed7a-4d13-9cab-438fa8946567.jpeg 1020w\" sizes=\"(max-width: 300px) 100vw, 300px\" \/><\/a> <a href=\"http:\/\/burkinaonline.net\/wp-content\/uploads\/2025\/07\/6e64b584-501f-4270-a1fa-2063dc4ec7ae.jpeg\"><img decoding=\"async\" class=\"alignnone size-medium wp-image-8162\" src=\"http:\/\/burkinaonline.net\/wp-content\/uploads\/2025\/07\/6e64b584-501f-4270-a1fa-2063dc4ec7ae-300x139.jpeg\" alt=\"\" width=\"300\" height=\"139\" srcset=\"https:\/\/burkinaonline.net\/wp-content\/uploads\/2025\/07\/6e64b584-501f-4270-a1fa-2063dc4ec7ae-300x139.jpeg 300w, https:\/\/burkinaonline.net\/wp-content\/uploads\/2025\/07\/6e64b584-501f-4270-a1fa-2063dc4ec7ae-768x355.jpeg 768w, https:\/\/burkinaonline.net\/wp-content\/uploads\/2025\/07\/6e64b584-501f-4270-a1fa-2063dc4ec7ae.jpeg 1020w\" sizes=\"(max-width: 300px) 100vw, 300px\" \/><\/a> <a href=\"http:\/\/burkinaonline.net\/wp-content\/uploads\/2025\/07\/0df94c2b-f167-4d39-969b-7a7655b5cb58.jpeg\"><img decoding=\"async\" class=\"alignnone size-medium wp-image-8163\" src=\"http:\/\/burkinaonline.net\/wp-content\/uploads\/2025\/07\/0df94c2b-f167-4d39-969b-7a7655b5cb58-300x139.jpeg\" alt=\"\" width=\"300\" height=\"139\" srcset=\"https:\/\/burkinaonline.net\/wp-content\/uploads\/2025\/07\/0df94c2b-f167-4d39-969b-7a7655b5cb58-300x139.jpeg 300w, https:\/\/burkinaonline.net\/wp-content\/uploads\/2025\/07\/0df94c2b-f167-4d39-969b-7a7655b5cb58-768x355.jpeg 768w, https:\/\/burkinaonline.net\/wp-content\/uploads\/2025\/07\/0df94c2b-f167-4d39-969b-7a7655b5cb58.jpeg 1020w\" sizes=\"(max-width: 300px) 100vw, 300px\" \/><\/a> <a href=\"http:\/\/burkinaonline.net\/wp-content\/uploads\/2025\/07\/6a0f9b15-f69a-4208-9646-b237b2e0675b.jpeg\"><img loading=\"lazy\" decoding=\"async\" class=\"alignnone size-medium wp-image-8164\" src=\"http:\/\/burkinaonline.net\/wp-content\/uploads\/2025\/07\/6a0f9b15-f69a-4208-9646-b237b2e0675b-300x139.jpeg\" alt=\"\" width=\"300\" height=\"139\" srcset=\"https:\/\/burkinaonline.net\/wp-content\/uploads\/2025\/07\/6a0f9b15-f69a-4208-9646-b237b2e0675b-300x139.jpeg 300w, https:\/\/burkinaonline.net\/wp-content\/uploads\/2025\/07\/6a0f9b15-f69a-4208-9646-b237b2e0675b-768x355.jpeg 768w, https:\/\/burkinaonline.net\/wp-content\/uploads\/2025\/07\/6a0f9b15-f69a-4208-9646-b237b2e0675b.jpeg 1020w\" sizes=\"(max-width: 300px) 100vw, 300px\" \/><\/a> <a href=\"http:\/\/burkinaonline.net\/wp-content\/uploads\/2025\/07\/b7ee9af9-c55a-429a-98a8-294201913a54.jpeg\"><img loading=\"lazy\" decoding=\"async\" class=\"alignnone size-medium wp-image-8166\" src=\"http:\/\/burkinaonline.net\/wp-content\/uploads\/2025\/07\/b7ee9af9-c55a-429a-98a8-294201913a54-300x139.jpeg\" alt=\"\" width=\"300\" height=\"139\" srcset=\"https:\/\/burkinaonline.net\/wp-content\/uploads\/2025\/07\/b7ee9af9-c55a-429a-98a8-294201913a54-300x139.jpeg 300w, https:\/\/burkinaonline.net\/wp-content\/uploads\/2025\/07\/b7ee9af9-c55a-429a-98a8-294201913a54-768x355.jpeg 768w, https:\/\/burkinaonline.net\/wp-content\/uploads\/2025\/07\/b7ee9af9-c55a-429a-98a8-294201913a54.jpeg 1020w\" sizes=\"(max-width: 300px) 100vw, 300px\" \/><\/a> <a href=\"http:\/\/burkinaonline.net\/wp-content\/uploads\/2025\/07\/532773b2-ab8c-473d-91f6-969911b1824f-1.jpeg\"><img loading=\"lazy\" decoding=\"async\" class=\"alignnone size-medium wp-image-8167\" src=\"http:\/\/burkinaonline.net\/wp-content\/uploads\/2025\/07\/532773b2-ab8c-473d-91f6-969911b1824f-1-300x139.jpeg\" alt=\"\" width=\"300\" height=\"139\" srcset=\"https:\/\/burkinaonline.net\/wp-content\/uploads\/2025\/07\/532773b2-ab8c-473d-91f6-969911b1824f-1-300x139.jpeg 300w, https:\/\/burkinaonline.net\/wp-content\/uploads\/2025\/07\/532773b2-ab8c-473d-91f6-969911b1824f-1-768x355.jpeg 768w, https:\/\/burkinaonline.net\/wp-content\/uploads\/2025\/07\/532773b2-ab8c-473d-91f6-969911b1824f-1.jpeg 1020w\" sizes=\"(max-width: 300px) 100vw, 300px\" \/><\/a><\/p>\n","protected":false},"excerpt":{"rendered":"<p>Dans la matin\u00e9e de ce mardi 22 juillet 2025, dans l\u2019enceinte de l\u2019usine CIMAF Dioulasso,&#8230;<\/p>\n","protected":false},"author":1,"featured_media":8159,"comment_status":"open","ping_status":"open","sticky":false,"template":"","format":"standard","meta":{"footnotes":""},"categories":[8,10,13],"tags":[],"class_list":["post-8158","post","type-post","status-publish","format-standard","has-post-thumbnail","hentry","category-post","category-burkina-faso","category-societe"],"_links":{"self":[{"href":"https:\/\/burkinaonline.net\/index.php?rest_route=\/wp\/v2\/posts\/8158","targetHints":{"allow":["GET"]}}],"collection":[{"href":"https:\/\/burkinaonline.net\/index.php?rest_route=\/wp\/v2\/posts"}],"about":[{"href":"https:\/\/burkinaonline.net\/index.php?rest_route=\/wp\/v2\/types\/post"}],"author":[{"embeddable":true,"href":"https:\/\/burkinaonline.net\/index.php?rest_route=\/wp\/v2\/users\/1"}],"replies":[{"embeddable":true,"href":"https:\/\/burkinaonline.net\/index.php?rest_route=%2Fwp%2Fv2%2Fcomments&post=8158"}],"version-history":[{"count":4,"href":"https:\/\/burkinaonline.net\/index.php?rest_route=\/wp\/v2\/posts\/8158\/revisions"}],"predecessor-version":[{"id":8169,"href":"https:\/\/burkinaonline.net\/index.php?rest_route=\/wp\/v2\/posts\/8158\/revisions\/8169"}],"wp:featuredmedia":[{"embeddable":true,"href":"https:\/\/burkinaonline.net\/index.php?rest_route=\/wp\/v2\/media\/8159"}],"wp:attachment":[{"href":"https:\/\/burkinaonline.net\/index.php?rest_route=%2Fwp%2Fv2%2Fmedia&parent=8158"}],"wp:term":[{"taxonomy":"category","embeddable":true,"href":"https:\/\/burkinaonline.net\/index.php?rest_route=%2Fwp%2Fv2%2Fcategories&post=8158"},{"taxonomy":"post_tag","embeddable":true,"href":"https:\/\/burkinaonline.net\/index.php?rest_route=%2Fwp%2Fv2%2Ftags&post=8158"}],"curies":[{"name":"wp","href":"https:\/\/api.w.org\/{rel}","templated":true}]}}