{"id":8171,"date":"2025-07-22T22:25:56","date_gmt":"2025-07-22T22:25:56","guid":{"rendered":"https:\/\/burkinaonline.net\/?p=8171"},"modified":"2025-07-22T22:38:37","modified_gmt":"2025-07-22T22:38:37","slug":"%f0%9f%94%b4-aes-saisie-majeure-de-materiel-terroriste-par-letat-major-general-des-armees-de-laes","status":"publish","type":"post","link":"https:\/\/burkinaonline.net\/?p=8171","title":{"rendered":"AES : Saisie majeure de mat\u00e9riel terroriste au Mali"},"content":{"rendered":"<p class=\"p1\">L\u2019\u00c9tat-major g\u00e9n\u00e9ral des Arm\u00e9es du Mali a annonc\u00e9 ce jour la saisie d\u2019une importante cargaison logistique destin\u00e9e \u00e0 une organisation terroriste op\u00e9rant au Mali. Cette op\u00e9ration, men\u00e9e \u00a0gr\u00e2ce \u00e0 la coordination des services de renseignement de la Conf\u00e9d\u00e9ration des \u00c9tats du Sahel (AES) et l\u2019appui d\u2019un pays partenaire, marque un bon point \u00a0dans la lutte r\u00e9gionale contre le terrorisme.<\/p>\n<p class=\"p1\"><span class=\"s2\">Parmi les articles saisis figurent :<\/span><\/p>\n<p class=\"p3\"><span class=\"s2\"> \u2022 20 canots pneumatiques,<\/span><\/p>\n<p class=\"p3\"><span class=\"s2\"> \u2022 4000 turbans,<\/span><\/p>\n<p class=\"p3\"><span class=\"s2\"> \u2022 3280 paires de rangers,<\/span><\/p>\n<p class=\"p3\"><span class=\"s2\"> \u2022 4000 tenues treillis,<\/span><\/p>\n<p class=\"p3\"><span class=\"s2\"> \u2022 100 tenues couleur kaki,<\/span><\/p>\n<p class=\"p3\"><span class=\"s2\"> \u2022 4040 macarons et 1040 \u00e9cussons portant l\u2019inscription du groupe terroriste,<\/span><\/p>\n<p class=\"p3\"><span class=\"s2\"> \u2022 ainsi que 25 cartons de chandails.<\/span><\/p>\n<p class=\"p3\"><span class=\"s2\">Selon les autorit\u00e9s militaires, tout ce mat\u00e9riel a \u00e9t\u00e9 confectionn\u00e9 en Asie, puis achemin\u00e9 dans un pays voisin de la r\u00e9gion, avec pour but \u00e9vident de renforcer les capacit\u00e9s logistiques des groupes arm\u00e9s op\u00e9rant dans la zone sah\u00e9lienne.<\/span><\/p>\n<p class=\"p1\"><span class=\"s2\">L\u2019arm\u00e9e d\u00e9nonce un appui ext\u00e9rieur cynique et r\u00e9current, preuve que certains acteurs \u00e9trangers persistent \u00e0 alimenter l\u2019instabilit\u00e9 au Sahel. L\u2019\u00c9tat-major a promis que des enqu\u00eates judiciaires ont d\u00e9j\u00e0 \u00e9t\u00e9 ouvertes pour \u00e9lucider les tenants et aboutissants de cette op\u00e9ration, et identifier tous les complices impliqu\u00e9s dans cette tentative de d\u00e9stabilisation.<\/span><\/p>\n<p class=\"p1\"><span class=\"s2\">Par ailleurs, le haut commandement militaire a f\u00e9licit\u00e9 les Forces de D\u00e9fense et de S\u00e9curit\u00e9 de l\u2019AES, ainsi que leurs alli\u00e9s sinc\u00e8res, pour leur professionnalisme, leur vigilance et leur efficacit\u00e9 op\u00e9rationnelle.<\/span><\/p>\n<p class=\"p6\"><span class=\"s2\">Cette saisie vient renforcer \u00a0la coop\u00e9ration s\u00e9curitaire entre les \u00c9tats membres de l\u2019AES (Burkina Faso, Mali, Niger), \u00e0 un moment o\u00f9 la pression des groupes arm\u00e9s reste \u00e9lev\u00e9e, mais o\u00f9 la riposte r\u00e9gionale se veut d\u00e9sormais proactive et unifi\u00e9e.<\/span><\/p>\n<p>wwww.burkinaonline.net<\/p>\n","protected":false},"excerpt":{"rendered":"<p>L\u2019\u00c9tat-major g\u00e9n\u00e9ral des Arm\u00e9es du Mali a annonc\u00e9 ce jour la saisie d\u2019une importante cargaison&#8230;<\/p>\n","protected":false},"author":1,"featured_media":8175,"comment_status":"open","ping_status":"open","sticky":false,"template":"","format":"standard","meta":{"footnotes":""},"categories":[8,30,10,12],"tags":[],"class_list":["post-8171","post","type-post","status-publish","format-standard","has-post-thumbnail","hentry","category-post","category-aes","category-burkina-faso","category-terrorisme"],"_links":{"self":[{"href":"https:\/\/burkinaonline.net\/index.php?rest_route=\/wp\/v2\/posts\/8171","targetHints":{"allow":["GET"]}}],"collection":[{"href":"https:\/\/burkinaonline.net\/index.php?rest_route=\/wp\/v2\/posts"}],"about":[{"href":"https:\/\/burkinaonline.net\/index.php?rest_route=\/wp\/v2\/types\/post"}],"author":[{"embeddable":true,"href":"https:\/\/burkinaonline.net\/index.php?rest_route=\/wp\/v2\/users\/1"}],"replies":[{"embeddable":true,"href":"https:\/\/burkinaonline.net\/index.php?rest_route=%2Fwp%2Fv2%2Fcomments&post=8171"}],"version-history":[{"count":7,"href":"https:\/\/burkinaonline.net\/index.php?rest_route=\/wp\/v2\/posts\/8171\/revisions"}],"predecessor-version":[{"id":8180,"href":"https:\/\/burkinaonline.net\/index.php?rest_route=\/wp\/v2\/posts\/8171\/revisions\/8180"}],"wp:featuredmedia":[{"embeddable":true,"href":"https:\/\/burkinaonline.net\/index.php?rest_route=\/wp\/v2\/media\/8175"}],"wp:attachment":[{"href":"https:\/\/burkinaonline.net\/index.php?rest_route=%2Fwp%2Fv2%2Fmedia&parent=8171"}],"wp:term":[{"taxonomy":"category","embeddable":true,"href":"https:\/\/burkinaonline.net\/index.php?rest_route=%2Fwp%2Fv2%2Fcategories&post=8171"},{"taxonomy":"post_tag","embeddable":true,"href":"https:\/\/burkinaonline.net\/index.php?rest_route=%2Fwp%2Fv2%2Ftags&post=8171"}],"curies":[{"name":"wp","href":"https:\/\/api.w.org\/{rel}","templated":true}]}}