{"id":8198,"date":"2025-07-23T14:50:27","date_gmt":"2025-07-23T14:50:27","guid":{"rendered":"https:\/\/burkinaonline.net\/?p=8198"},"modified":"2025-07-23T14:50:27","modified_gmt":"2025-07-23T14:50:27","slug":"lancement-de-la-2eme-phase-du-projet-saving-lives-and-livelihoods-pour-booster-la-vaccination","status":"publish","type":"post","link":"https:\/\/burkinaonline.net\/?p=8198","title":{"rendered":"Lancement de la 2\u00e8me phase du projet \u00ab Saving Lives and Livelihoods \u00bb pour booster la vaccination"},"content":{"rendered":"<p class=\"s7\"><span class=\"s6\"><span class=\"bumpedFont17\">Dans un contexte o\u00f9 la m\u00e9fiance \u00e0 l\u2019\u00e9gard des vaccins freine encore la couverture sanitaire, la Croix-Rouge Burkinab\u00e8 a lanc\u00e9, le vendredi 18 juillet 2025 \u00e0 Ouagadougou, la deuxi\u00e8me phase du projet \u00ab <\/span><\/span><span class=\"s6\"><span class=\"bumpedFont17\">Saving<\/span><\/span><span class=\"s6\"><span class=\"bumpedFont17\">Lives and <\/span><\/span><span class=\"s6\"><span class=\"bumpedFont17\">Livelihoods<\/span><\/span><span class=\"s6\"><span class=\"bumpedFont17\"> \u00bb. Financ\u00e9 par l\u2019<\/span><\/span><span class=\"s6\"><span class=\"bumpedFont17\">Africa<\/span><\/span><span class=\"s6\"><span class=\"bumpedFont17\"> CDC, ce projet entend renforcer l\u2019action des structures de sant\u00e9 et des acteurs de terrain en les dotant d\u2019outils adapt\u00e9s pour mieux informer, sensibiliser et prot\u00e9ger les populations contre les maladies \u00e9vitables. En s\u2019appuyant sur la proximit\u00e9, le dialogue communautaire et la coordination locale, l\u2019initiative contribue \u00e0 b\u00e2tir des communaut\u00e9s plus inform\u00e9es, plus engag\u00e9es et en meilleure sant\u00e9.<\/span><\/span><\/p>\n<p class=\"s7\"><a href=\"http:\/\/burkinaonline.net\/wp-content\/uploads\/2025\/07\/IMG_8071.jpeg\"><img decoding=\"async\" class=\"size-medium wp-image-8200 alignnone\" src=\"http:\/\/burkinaonline.net\/wp-content\/uploads\/2025\/07\/IMG_8071-300x151.jpeg\" alt=\"\" width=\"300\" height=\"151\" srcset=\"https:\/\/burkinaonline.net\/wp-content\/uploads\/2025\/07\/IMG_8071-300x151.jpeg 300w, https:\/\/burkinaonline.net\/wp-content\/uploads\/2025\/07\/IMG_8071-1024x517.jpeg 1024w, https:\/\/burkinaonline.net\/wp-content\/uploads\/2025\/07\/IMG_8071-768x388.jpeg 768w, https:\/\/burkinaonline.net\/wp-content\/uploads\/2025\/07\/IMG_8071.jpeg 1078w\" sizes=\"(max-width: 300px) 100vw, 300px\" \/><\/a><\/p>\n<p class=\"s9\"><span class=\"s8\"><span class=\"bumpedFont15\">Au Burkina Faso, de nombreuses personnes restent r\u00e9ticentes \u00e0 se faire vacciner contre certaines maladies. Cette m\u00e9fiance s\u2019explique par divers facteurs, notamment <\/span><\/span><span class=\"s8\"><span class=\"bumpedFont15\">la d\u00e9sinformation<\/span><\/span> <span class=\"s8\"><span class=\"bumpedFont15\">et l<\/span><\/span><span class=\"s8\"><span class=\"bumpedFont15\">a circulation de fausses informations, <\/span><\/span><span class=\"s8\"><span class=\"bumpedFont15\">ainsi qu\u2019une perte de confiance envers les autorit\u00e9s et les experts<\/span><\/span><span class=\"s8\"><span class=\"bumpedFont15\">. <\/span><\/span><span class=\"s8\"><span class=\"bumpedFont15\">Cette situation <\/span><\/span><span class=\"s8\"><span class=\"bumpedFont15\">j<\/span><\/span><span class=\"s8\"><span class=\"bumpedFont15\"> notable de la couverture vaccinale, avec des cons\u00e9quences graves, dont la perte de vies humaines.<\/span><\/span><\/p>\n<p class=\"s9\"><span class=\"s8\"><span class=\"bumpedFont15\">La Croix-Rouge Burkinab\u00e8<\/span><\/span> <span class=\"s8\"><span class=\"bumpedFont15\">a mis en \u0153uvre la phase 1 du projet de<\/span><\/span><span class=\"s8\"><span class=\"bumpedFont15\"> f\u00e9vrier \u00e0 novembre 2023 <\/span><\/span><span class=\"s8\"><span class=\"bumpedFont15\">dans le but de <\/span><\/span><span class=\"s8\"><span class=\"bumpedFont15\">soutenir les efforts de mobilisation communautaire dans <\/span><\/span><span class=\"s8\"><span class=\"bumpedFont15\">trois<\/span><\/span><span class=\"s8\"><span class=\"bumpedFont15\"> r\u00e9gions sanitaires du Burkina Faso<\/span><\/span><\/p>\n<p class=\"s10\"><span class=\"s8\"><span class=\"bumpedFont15\">C\u2019est dans <\/span><\/span><span class=\"s8\"><span class=\"bumpedFont15\">cette optique <\/span><\/span><span class=\"s8\"><span class=\"bumpedFont15\">qu<\/span><\/span><span class=\"s8\"><span class=\"bumpedFont15\">e<\/span><\/span><span class=\"s8\"><span class=\"bumpedFont15\"> l<\/span><\/span><span class=\"s8\"><span class=\"bumpedFont15\">a deuxi\u00e8me phase du <\/span><\/span><span class=\"s8\"><span class=\"bumpedFont15\">P<\/span><\/span><span class=\"s8\"><span class=\"bumpedFont15\">rojet <\/span><\/span><span class=\"s8\"><span class=\"bumpedFont15\">\u00ab\u00a0<\/span><\/span><span class=\"s8\"><span class=\"bumpedFont15\">Saving<\/span><\/span><span class=\"s8\"><span class=\"bumpedFont15\"> Lives and <\/span><\/span><span class=\"s8\"><span class=\"bumpedFont15\">Livelihoods<\/span><\/span><span class=\"s8\"><span class=\"bumpedFont15\">\u00a0\u00bb<\/span><\/span> <span class=\"s8\"><span class=\"bumpedFont15\">financ\u00e9e <\/span><\/span><span class=\"s8\"><span class=\"bumpedFont15\">par la Fondation MasterCard<\/span><\/span><span class=\"s8\"><span class=\"bumpedFont15\"> \u00e0 travers CDC Afrique<\/span><\/span><span class=\"s8\"><span class=\"bumpedFont15\">, <\/span><\/span><span class=\"s8\"><span class=\"bumpedFont15\">est <\/span><\/span><span class=\"s8\"><span class=\"bumpedFont15\">mis<\/span><\/span><span class=\"s8\"><span class=\"bumpedFont15\">e<\/span><\/span><span class=\"s8\"><span class=\"bumpedFont15\">en \u0153uvre <\/span><\/span><span class=\"s8\"><span class=\"bumpedFont15\">en coordination avec <\/span><\/span><span class=\"s8\"><span class=\"bumpedFont15\">le minist\u00e8re de la Sant\u00e9<\/span><\/span><span class=\"s8\"><span class=\"bumpedFont15\">,<\/span><\/span><span class=\"s8\"><span class=\"bumpedFont15\">et <\/span><\/span><span class=\"s8\"><span class=\"bumpedFont15\">en collaboration <\/span><\/span><span class=\"s8\"><span class=\"bumpedFont15\">avec<\/span><\/span><span class=\"s8\"><span class=\"bumpedFont15\"> la F\u00e9d\u00e9ration internationale des Soci\u00e9t\u00e9s de Croix-Rouge et du Croissant-Rouge (IFRC) pour une dur\u00e9e de six mois<\/span><\/span><span class=\"s8\"><span class=\"bumpedFont15\">.<\/span><\/span><\/p>\n<p class=\"s9\"><span class=\"s8\"><span class=\"bumpedFont15\">Ainsi, <\/span><\/span><span class=\"s8\"><span class=\"bumpedFont15\">jusqu\u2019en d\u00e9ce<\/span><\/span><span class=\"s8\"><span class=\"bumpedFont15\">mbre<\/span><\/span><span class=\"s8\"><span class=\"bumpedFont15\"> 2025, les interventions seront coordonn\u00e9es pour am\u00e9liorer la sant\u00e9 communautaire, en mettant un accent particulier sur le renforcement des capacit\u00e9s des acteurs de terrain. Ce volet cl\u00e9 concerne notamment les volontaires et les agents de sant\u00e9 \u00e0 base communautaire, dont la formation et l\u2019accompagnement sont essentiels pour assurer une meilleure sensibilisation et mobilisation des populations <\/span><\/span><span class=\"s8\"><span class=\"bumpedFont15\">\u00e0 la base <\/span><\/span><span class=\"s8\"><span class=\"bumpedFont15\">autour de la vaccination.<\/span><\/span><\/p>\n<p><a href=\"http:\/\/burkinaonline.net\/wp-content\/uploads\/2025\/07\/IMG_8069.jpeg\"><img fetchpriority=\"high\" decoding=\"async\" class=\"alignnone size-medium wp-image-8201\" src=\"http:\/\/burkinaonline.net\/wp-content\/uploads\/2025\/07\/IMG_8069-300x200.jpeg\" alt=\"\" width=\"300\" height=\"200\" srcset=\"https:\/\/burkinaonline.net\/wp-content\/uploads\/2025\/07\/IMG_8069-300x200.jpeg 300w, https:\/\/burkinaonline.net\/wp-content\/uploads\/2025\/07\/IMG_8069-1024x683.jpeg 1024w, https:\/\/burkinaonline.net\/wp-content\/uploads\/2025\/07\/IMG_8069-768x512.jpeg 768w, https:\/\/burkinaonline.net\/wp-content\/uploads\/2025\/07\/IMG_8069.jpeg 1080w\" sizes=\"(max-width: 300px) 100vw, 300px\" \/><\/a><\/p>\n<p class=\"s9\"><span class=\"s8\"><span class=\"bumpedFont15\">Cette initiative au Burkina Faso vise \u00e0 renforcer la confiance des communaut\u00e9s et \u00e0 combattre l\u2019h\u00e9sitation vaccinale. Elle s\u2019inscrit dans la continuit\u00e9 de la premi\u00e8re phase lanc\u00e9e en 2023<\/span><\/span><span class=\"s8\"><span class=\"bumpedFont15\">. Cette \u00e9tape <\/span><\/span><span class=\"s8\"><span class=\"bumpedFont15\">ambitionne <\/span><\/span><span class=\"s8\"><span class=\"bumpedFont15\">donc c<\/span><\/span><span class=\"s8\"><span class=\"bumpedFont15\">onsolider les progr\u00e8s r\u00e9alis\u00e9s<\/span><\/span><span class=\"s8\"><span class=\"bumpedFont15\">,<\/span><\/span><span class=\"s8\"><span class=\"bumpedFont15\"> en favorisant une meilleure acceptation des vaccins lors des campagnes. Parmi les objectifs principaux, il s\u2019agit d\u2019appuyer l\u2019\u00e9laboration de documents strat\u00e9giques et op\u00e9rationnels pour le minist\u00e8re de la Sant\u00e9 et la Croix-Rouge Burkinab\u00e8. Parall\u00e8lement, le projet <\/span><\/span><span class=\"s8\"><span class=\"bumpedFont15\">va <\/span><\/span><span class=\"s8\"><span class=\"bumpedFont15\">renforce<\/span><\/span><span class=\"s8\"><span class=\"bumpedFont15\">r<\/span><\/span><span class=\"s8\"><span class=\"bumpedFont15\">sp\u00e9cifiquement les comp\u00e9tences des agents de sant\u00e9 communautaire, des volontaires, des professionnels des m\u00e9dias, du personnel de sant\u00e9, ainsi que des organisations de personnes handicap\u00e9es.<\/span><\/span><\/p>\n<p class=\"s9\"><span class=\"s8\"><span class=\"bumpedFont15\">Enfin, cette phase met l\u2019accent sur une mobilisation sociale accrue, en encourageant les communaut\u00e9s \u00e0 adopter les bonnes pratiques de sant\u00e9<\/span><\/span><span class=\"s8\"><span class=\"bumpedFont15\">. Un focus sera fait <\/span><\/span><span class=\"s8\"><span class=\"bumpedFont15\">sur <\/span><\/span><span class=\"s8\"><span class=\"bumpedFont15\">l\u2019importance de la vaccination dans la pr\u00e9vention des maladies. Ce travail collectif vise \u00e0 restaurer la confiance, \u00e0 augmenter la couverture vaccinale, et ainsi \u00e0 sauver des vies tout en garantissant des moyens de subsistance durables.<\/span><\/span><\/p>\n<p class=\"s9\"><span class=\"s8\"><span class=\"bumpedFont15\">Ce projet <\/span><\/span><span class=\"s8\"><span class=\"bumpedFont15\">va d\u00e9ployer le paquet d\u2019activit\u00e9s dans les districts sanitaires de Manga et Kombissiri (R\u00e9gion du Centre-Sud) et les districts sanitaires de Koudougou et Sapouy (R\u00e9gion du Centre-Ouest). <\/span><\/span><\/p>\n<p class=\"s9\"><span class=\"s8\"><span class=\"bumpedFont15\">Ces informations ont \u00e9t\u00e9 pr\u00e9sent\u00e9s et discut\u00e9s lors d\u2019un atelier de lancement du projet, le vendredi 18 juillet 2025 \u00e0 Ouagadougou. Cette d\u00e9marche de partage a \u00e9t\u00e9 appr\u00e9ci\u00e9e par les diff\u00e9rents et partenaires <\/span><\/span><span class=\"s8\"><span class=\"bumpedFont15\">de mise en <\/span><\/span><span class=\"s8\"><span class=\"bumpedFont15\">\u0153uvre<\/span><\/span> <span class=\"s8\"><span class=\"bumpedFont15\">convi\u00e9s \u00e0 cette rencontre. Ils ont appel\u00e9 au maintien de cette approche de communication et plaid\u00e9 pour le <\/span><\/span><span class=\"s8\"><span class=\"bumpedFont15\">renforcement de la coordination pour l&rsquo;atteinte des objectifs communs en mati\u00e8re\u00a0de\u00a0sant\u00e9<\/span><\/span><span class=\"s8\"><span class=\"bumpedFont15\">.<\/span><\/span><\/p>\n<p class=\"s11\">\n","protected":false},"excerpt":{"rendered":"<p>Dans un contexte o\u00f9 la m\u00e9fiance \u00e0 l\u2019\u00e9gard des vaccins freine encore la couverture sanitaire,&#8230;<\/p>\n","protected":false},"author":1,"featured_media":8199,"comment_status":"open","ping_status":"open","sticky":false,"template":"","format":"standard","meta":{"footnotes":""},"categories":[8,10,13],"tags":[],"class_list":["post-8198","post","type-post","status-publish","format-standard","has-post-thumbnail","hentry","category-post","category-burkina-faso","category-societe"],"_links":{"self":[{"href":"https:\/\/burkinaonline.net\/index.php?rest_route=\/wp\/v2\/posts\/8198","targetHints":{"allow":["GET"]}}],"collection":[{"href":"https:\/\/burkinaonline.net\/index.php?rest_route=\/wp\/v2\/posts"}],"about":[{"href":"https:\/\/burkinaonline.net\/index.php?rest_route=\/wp\/v2\/types\/post"}],"author":[{"embeddable":true,"href":"https:\/\/burkinaonline.net\/index.php?rest_route=\/wp\/v2\/users\/1"}],"replies":[{"embeddable":true,"href":"https:\/\/burkinaonline.net\/index.php?rest_route=%2Fwp%2Fv2%2Fcomments&post=8198"}],"version-history":[{"count":1,"href":"https:\/\/burkinaonline.net\/index.php?rest_route=\/wp\/v2\/posts\/8198\/revisions"}],"predecessor-version":[{"id":8202,"href":"https:\/\/burkinaonline.net\/index.php?rest_route=\/wp\/v2\/posts\/8198\/revisions\/8202"}],"wp:featuredmedia":[{"embeddable":true,"href":"https:\/\/burkinaonline.net\/index.php?rest_route=\/wp\/v2\/media\/8199"}],"wp:attachment":[{"href":"https:\/\/burkinaonline.net\/index.php?rest_route=%2Fwp%2Fv2%2Fmedia&parent=8198"}],"wp:term":[{"taxonomy":"category","embeddable":true,"href":"https:\/\/burkinaonline.net\/index.php?rest_route=%2Fwp%2Fv2%2Fcategories&post=8198"},{"taxonomy":"post_tag","embeddable":true,"href":"https:\/\/burkinaonline.net\/index.php?rest_route=%2Fwp%2Fv2%2Ftags&post=8198"}],"curies":[{"name":"wp","href":"https:\/\/api.w.org\/{rel}","templated":true}]}}