{"id":8231,"date":"2025-07-30T16:03:56","date_gmt":"2025-07-30T16:03:56","guid":{"rendered":"https:\/\/burkinaonline.net\/?p=8231"},"modified":"2025-07-30T16:03:56","modified_gmt":"2025-07-30T16:03:56","slug":"cote-divoire-lonu-demande-la-reintegration-de-tidjane-thiam-dans-le-processus-electoral","status":"publish","type":"post","link":"https:\/\/burkinaonline.net\/?p=8231","title":{"rendered":"C\u00f4te d\u2019Ivoire : l\u2019ONU demande la r\u00e9int\u00e9gration de Tidjane Thiam dans le processus \u00e9lectoral"},"content":{"rendered":"<p>Le Comit\u00e9 des droits de l\u2019homme des Nations Unies a appel\u00e9, ce mardi 29 juillet 2025, les autorit\u00e9s ivoiriennes \u00e0 garantir la participation de Tidjane Thiam, leader du Parti d\u00e9mocratique de C\u00f4te d\u2019Ivoire (PDCI-RDA), \u00e0 l\u2019\u00e9lection pr\u00e9sidentielle pr\u00e9vue le 25 octobre prochain.<\/p>\n<p>Radi\u00e9 de la liste \u00e9lectorale en raison d\u2019une d\u00e9cision judiciaire li\u00e9e \u00e0 sa nationalit\u00e9, Tidjane Thiam avait saisi l\u2019instance onusienne pour contester cette exclusion, qu\u2019il juge contraire \u00e0 ses droits civiques et politiques. L\u2019ONU lui a donn\u00e9 raison, estimant que l\u2019\u00c9tat ivoirien doit respecter ses engagements internationaux en mati\u00e8re de droits de l\u2019homme, notamment en assurant \u00e0 tout citoyen le droit de voter et de se porter candidat.<\/p>\n<p>Bien que sa demande de r\u00e9int\u00e9gration imm\u00e9diate ait \u00e9t\u00e9 rejet\u00e9e par les juridictions nationales, le Comit\u00e9 demande \u00e0 la C\u00f4te d\u2019Ivoire de \u00ab prendre toutes les mesures n\u00e9cessaires \u00bb pour permettre \u00e0 l\u2019opposant de participer pleinement \u00e0 l\u2019\u00e9lection, en tant qu\u2019\u00e9lecteur comme candidat.<\/p>\n<p>Pendant ce temps, le pr\u00e9sident sortant Alassane Ouattara a officialis\u00e9 sa candidature pour un nouveau mandat. Une annonce qui conforte sa volont\u00e9 de rester dans la course, malgr\u00e9 les tensions croissantes autour de l\u2019inclusivit\u00e9 du processus \u00e9lectoral.<\/p>\n<p>Cette double actualit\u00e9 relance le d\u00e9bat sur la transparence et l\u2019\u00e9quit\u00e9 des scrutins en C\u00f4te d\u2019Ivoire, \u00e0 trois mois d\u2019un rendez-vous \u00e9lectoral majeur.<br \/>\nwww.burkinaonline.net<\/p>\n","protected":false},"excerpt":{"rendered":"<p>Le Comit\u00e9 des droits de l\u2019homme des Nations Unies a appel\u00e9, ce mardi 29 juillet&#8230;<\/p>\n","protected":false},"author":1,"featured_media":8232,"comment_status":"open","ping_status":"open","sticky":false,"template":"","format":"standard","meta":{"footnotes":""},"categories":[8,18,11],"tags":[],"class_list":["post-8231","post","type-post","status-publish","format-standard","has-post-thumbnail","hentry","category-post","category-international","category-politique"],"_links":{"self":[{"href":"https:\/\/burkinaonline.net\/index.php?rest_route=\/wp\/v2\/posts\/8231","targetHints":{"allow":["GET"]}}],"collection":[{"href":"https:\/\/burkinaonline.net\/index.php?rest_route=\/wp\/v2\/posts"}],"about":[{"href":"https:\/\/burkinaonline.net\/index.php?rest_route=\/wp\/v2\/types\/post"}],"author":[{"embeddable":true,"href":"https:\/\/burkinaonline.net\/index.php?rest_route=\/wp\/v2\/users\/1"}],"replies":[{"embeddable":true,"href":"https:\/\/burkinaonline.net\/index.php?rest_route=%2Fwp%2Fv2%2Fcomments&post=8231"}],"version-history":[{"count":1,"href":"https:\/\/burkinaonline.net\/index.php?rest_route=\/wp\/v2\/posts\/8231\/revisions"}],"predecessor-version":[{"id":8233,"href":"https:\/\/burkinaonline.net\/index.php?rest_route=\/wp\/v2\/posts\/8231\/revisions\/8233"}],"wp:featuredmedia":[{"embeddable":true,"href":"https:\/\/burkinaonline.net\/index.php?rest_route=\/wp\/v2\/media\/8232"}],"wp:attachment":[{"href":"https:\/\/burkinaonline.net\/index.php?rest_route=%2Fwp%2Fv2%2Fmedia&parent=8231"}],"wp:term":[{"taxonomy":"category","embeddable":true,"href":"https:\/\/burkinaonline.net\/index.php?rest_route=%2Fwp%2Fv2%2Fcategories&post=8231"},{"taxonomy":"post_tag","embeddable":true,"href":"https:\/\/burkinaonline.net\/index.php?rest_route=%2Fwp%2Fv2%2Ftags&post=8231"}],"curies":[{"name":"wp","href":"https:\/\/api.w.org\/{rel}","templated":true}]}}