{"id":8243,"date":"2025-08-01T12:13:33","date_gmt":"2025-08-01T12:13:33","guid":{"rendered":"https:\/\/burkinaonline.net\/?p=8243"},"modified":"2025-08-01T12:21:48","modified_gmt":"2025-08-01T12:21:48","slug":"mort-dalino-faso-le-burkina-faso-ouvre-une-information-judiciaire-pour-torture-et-assassinat","status":"publish","type":"post","link":"https:\/\/burkinaonline.net\/?p=8243","title":{"rendered":"Mort d\u2019Alino Faso : le Burkina Faso ouvre une information judiciaire pour torture et assassinat"},"content":{"rendered":"<p>Ouagadougou, 1er ao\u00fbt 2025 \u2013 Le Parquet du procureur du Faso pr\u00e8s le Tribunal de Grande Instance Ouaga I a annonc\u00e9 l\u2019ouverture d\u2019une information judiciaire contre X pour torture et assassinat, dans l\u2019affaire de la mort en d\u00e9tention de Monsieur Traor\u00e9 Alain Christophe, alias Alino Faso, survenue en C\u00f4te d\u2019Ivoire.<\/p>\n<p>Selon un communiqu\u00e9 officiel sign\u00e9 ce jour par le Procureur du Faso, Bakary Blaise Bazi\u00e9, cette d\u00e9cision intervient apr\u00e8s une plainte d\u00e9pos\u00e9e par la famille du d\u00e9funt. Le Doyen des juges d\u2019instruction a \u00e9t\u00e9 saisi le 31 juillet par un r\u00e9quisitoire introductif pour faire toute la lumi\u00e8re sur les circonstances du d\u00e9c\u00e8s.<\/p>\n<p>Une mort trouble<\/p>\n<p>Le 27 juillet 2025, le Procureur de la R\u00e9publique pr\u00e8s le Tribunal de Premi\u00e8re Instance d\u2019Abidjan annon\u00e7ait, via un communiqu\u00e9 diffus\u00e9 sur les r\u00e9seaux sociaux, le d\u00e9c\u00e8s de M. Traor\u00e9, arr\u00eat\u00e9 depuis le 10 janvier 2025. Le communiqu\u00e9 indiquait qu\u2019il se serait suicid\u00e9 en se pendant avec un drap de lit, apr\u00e8s une premi\u00e8re tentative d\u2019ouverture des veines. Une enqu\u00eate aurait \u00e9t\u00e9 ouverte par les autorit\u00e9s ivoiriennes pour d\u00e9terminer les motifs de cet acte.<\/p>\n<p>Cependant, du c\u00f4t\u00e9 burkinab\u00e8, la version officielle suscite des doutes. \u00ab Il subsiste, nonobstant la th\u00e8se du suicide retenue (\u2026), des doutes s\u00e9rieux laissant penser qu\u2019il aurait \u00e9t\u00e9 victime de torture et d\u2019assassinat \u00bb, affirme le communiqu\u00e9 du procureur Bazi\u00e9. Des propos qui traduisent une volont\u00e9 claire de ne pas se limiter aux conclusions pr\u00e9liminaires des autorit\u00e9s ivoiriennes.<\/p>\n<p>Appel \u00e0 t\u00e9moins<\/p>\n<p>Le parquet de Ouaga I invite toute personne disposant d\u2019informations pertinentes \u00e0 se manifester sans d\u00e9lai. \u00ab Nous rassurons l\u2019ensemble de la population que tout sera mis en \u0153uvre afin d\u2019\u00e9lucider les causes de la mort de monsieur Traor\u00e9 Alain Christophe \u00bb, conclut le communiqu\u00e9.<\/p>\n<p>Un dossier \u00e0 suivre de pr\u00e8s<\/p>\n<p>Cette affaire intervient dans un contexte sous-r\u00e9gional sensible, o\u00f9 les droits des ressortissants burkinab\u00e8 \u00e0 l\u2019\u00e9tranger restent un sujet de pr\u00e9occupation. Elle pourrait \u00e9galement soulever des enjeux diplomatiques, dans la mesure o\u00f9 elle touche directement \u00e0 la responsabilit\u00e9 de l\u2019\u00c9tat ivoirien dans la protection des d\u00e9tenus \u00e9trangers sur son sol.<\/p>\n<p>En attendant l\u2019\u00e9volution de la proc\u00e9dure judiciaire au Burkina Faso, la famille du d\u00e9funt et l\u2019opinion publique attendent des r\u00e9ponses claires. Pour les proches d\u2019Alino Faso, surnom populaire de Traor\u00e9 Alain Christophe, l\u2019enjeu est simple : obtenir justice.<br \/>\nwww.burkinaonline.net<\/p>\n<p><a href=\"http:\/\/burkinaonline.net\/wp-content\/uploads\/2025\/08\/IMG_8441.jpeg\"><img fetchpriority=\"high\" decoding=\"async\" class=\"alignnone size-medium wp-image-8245\" src=\"http:\/\/burkinaonline.net\/wp-content\/uploads\/2025\/08\/IMG_8441-233x300.jpeg\" alt=\"\" width=\"233\" height=\"300\" srcset=\"https:\/\/burkinaonline.net\/wp-content\/uploads\/2025\/08\/IMG_8441-233x300.jpeg 233w, https:\/\/burkinaonline.net\/wp-content\/uploads\/2025\/08\/IMG_8441-795x1024.jpeg 795w, https:\/\/burkinaonline.net\/wp-content\/uploads\/2025\/08\/IMG_8441-768x990.jpeg 768w, https:\/\/burkinaonline.net\/wp-content\/uploads\/2025\/08\/IMG_8441-1024x1320.jpeg 1024w, https:\/\/burkinaonline.net\/wp-content\/uploads\/2025\/08\/IMG_8441.jpeg 1056w\" sizes=\"(max-width: 233px) 100vw, 233px\" \/><\/a> <a href=\"http:\/\/burkinaonline.net\/wp-content\/uploads\/2025\/08\/IMG_8442.jpeg\"><img decoding=\"async\" class=\"alignnone size-medium wp-image-8246\" src=\"http:\/\/burkinaonline.net\/wp-content\/uploads\/2025\/08\/IMG_8442-218x300.jpeg\" alt=\"\" width=\"218\" height=\"300\" srcset=\"https:\/\/burkinaonline.net\/wp-content\/uploads\/2025\/08\/IMG_8442-218x300.jpeg 218w, https:\/\/burkinaonline.net\/wp-content\/uploads\/2025\/08\/IMG_8442-743x1024.jpeg 743w, https:\/\/burkinaonline.net\/wp-content\/uploads\/2025\/08\/IMG_8442-768x1058.jpeg 768w, https:\/\/burkinaonline.net\/wp-content\/uploads\/2025\/08\/IMG_8442-1024x1411.jpeg 1024w, https:\/\/burkinaonline.net\/wp-content\/uploads\/2025\/08\/IMG_8442.jpeg 1069w\" sizes=\"(max-width: 218px) 100vw, 218px\" \/><\/a><\/p>\n","protected":false},"excerpt":{"rendered":"<p>Ouagadougou, 1er ao\u00fbt 2025 \u2013 Le Parquet du procureur du Faso pr\u00e8s le Tribunal de&#8230;<\/p>\n","protected":false},"author":1,"featured_media":8247,"comment_status":"open","ping_status":"open","sticky":false,"template":"","format":"standard","meta":{"footnotes":""},"categories":[8,10,18,1,11],"tags":[],"class_list":["post-8243","post","type-post","status-publish","format-standard","has-post-thumbnail","hentry","category-post","category-burkina-faso","category-international","category-non-classe","category-politique"],"_links":{"self":[{"href":"https:\/\/burkinaonline.net\/index.php?rest_route=\/wp\/v2\/posts\/8243","targetHints":{"allow":["GET"]}}],"collection":[{"href":"https:\/\/burkinaonline.net\/index.php?rest_route=\/wp\/v2\/posts"}],"about":[{"href":"https:\/\/burkinaonline.net\/index.php?rest_route=\/wp\/v2\/types\/post"}],"author":[{"embeddable":true,"href":"https:\/\/burkinaonline.net\/index.php?rest_route=\/wp\/v2\/users\/1"}],"replies":[{"embeddable":true,"href":"https:\/\/burkinaonline.net\/index.php?rest_route=%2Fwp%2Fv2%2Fcomments&post=8243"}],"version-history":[{"count":2,"href":"https:\/\/burkinaonline.net\/index.php?rest_route=\/wp\/v2\/posts\/8243\/revisions"}],"predecessor-version":[{"id":8251,"href":"https:\/\/burkinaonline.net\/index.php?rest_route=\/wp\/v2\/posts\/8243\/revisions\/8251"}],"wp:featuredmedia":[{"embeddable":true,"href":"https:\/\/burkinaonline.net\/index.php?rest_route=\/wp\/v2\/media\/8247"}],"wp:attachment":[{"href":"https:\/\/burkinaonline.net\/index.php?rest_route=%2Fwp%2Fv2%2Fmedia&parent=8243"}],"wp:term":[{"taxonomy":"category","embeddable":true,"href":"https:\/\/burkinaonline.net\/index.php?rest_route=%2Fwp%2Fv2%2Fcategories&post=8243"},{"taxonomy":"post_tag","embeddable":true,"href":"https:\/\/burkinaonline.net\/index.php?rest_route=%2Fwp%2Fv2%2Ftags&post=8243"}],"curies":[{"name":"wp","href":"https:\/\/api.w.org\/{rel}","templated":true}]}}