{"id":8265,"date":"2025-08-05T19:03:55","date_gmt":"2025-08-05T19:03:55","guid":{"rendered":"https:\/\/burkinaonline.net\/?p=8265"},"modified":"2025-08-05T19:03:55","modified_gmt":"2025-08-05T19:03:55","slug":"quatre-otages-marocains-liberes-grace-a-une-cooperation-securitaire-entre-le-mali-et-le-maroc","status":"publish","type":"post","link":"https:\/\/burkinaonline.net\/?p=8265","title":{"rendered":"Quatre otages marocains lib\u00e9r\u00e9s gr\u00e2ce \u00e0 une coop\u00e9ration s\u00e9curitaire entre le Mali et le Maroc"},"content":{"rendered":"<p class=\"p1\">Bamako, 5 ao\u00fbt 2025 &#8211; Dans un contexte r\u00e9gional marqu\u00e9 par l\u2019ins\u00e9curit\u00e9 croissante, quatre chauffeurs routiers marocains enlev\u00e9s en janvier 2025 dans le nord-est du Burkina Faso ont \u00e9t\u00e9 lib\u00e9r\u00e9s sains et saufs gr\u00e2ce \u00e0 une op\u00e9ration conjointe entre les services de renseignement maliens et marocains.<\/p>\n<p class=\"p1\"><span class=\"s1\">Ces conducteurs, employ\u00e9s par une soci\u00e9t\u00e9 de transport international, avaient \u00e9t\u00e9 captur\u00e9s alors qu\u2019ils assuraient une livraison entre Casablanca et Niamey, traversant une zone class\u00e9e \u00e0 haut risque, sous l\u2019emprise du groupe djihadiste \u00c9tat islamique dans la province du Sahel (EIPS).<\/span><\/p>\n<p class=\"p1\"><span class=\"s1\"> Une coop\u00e9ration discr\u00e8te mais efficace<\/span><\/p>\n<p class=\"p1\"><span class=\"s1\">Selon les autorit\u00e9s maliennes, cette lib\u00e9ration est le fruit d\u2019une coordination \u00e9troite entre l\u2019Agence nationale de la s\u00e9curit\u00e9 d\u2019\u00c9tat du Mali (ANSE) et la Direction g\u00e9n\u00e9rale des \u00e9tudes et de la documentation du Maroc (DGED), le principal service de renseignement ext\u00e9rieur du royaume.<\/span><\/p>\n<p class=\"p1\"><span class=\"s1\">L\u2019op\u00e9ration s\u2019est d\u00e9roul\u00e9e sans affrontement direct, dans la discr\u00e9tion, et les otages ont \u00e9t\u00e9 pr\u00e9sent\u00e9s aux autorit\u00e9s maliennes, notamment au pr\u00e9sident de transition, le g\u00e9n\u00e9ral Assimi Go\u00efta, dans un geste symbolique fort.<\/span><\/p>\n<p class=\"p1\"><span class=\"s1\">Un signal politique et diplomatique fort<\/span><\/p>\n<p class=\"p1\"><span class=\"s1\">Cette lib\u00e9ration intervient dans un contexte de renforcement des liens diplomatiques entre le Mali et le Maroc, notamment en mati\u00e8re de s\u00e9curit\u00e9, de logistique et de formation. Elle met \u00e9galement en lumi\u00e8re la mont\u00e9e en puissance des capacit\u00e9s maliennes de renseignement, malgr\u00e9 les d\u00e9fis s\u00e9curitaires persistants dans le Sahel.<\/span><\/p>\n<p class=\"p1\"><span class=\"s1\">Pour de nombreux observateurs, cette op\u00e9ration r\u00e9ussie montre que les \u00c9tats africains peuvent coordonner efficacement leurs moyens pour lutter contre les groupes terroristes, sans n\u00e9cessairement d\u00e9pendre d\u2019interventions ext\u00e9rieures.<\/span><\/p>\n<p class=\"p1\"><span class=\"s1\">Contexte de l\u2019enl\u00e8vement<\/span><\/p>\n<p class=\"p1\"><span class=\"s1\">Le rapt avait eu lieu le 18 janvier 2025, dans une zone d\u00e9sertique du Burkina Faso proche des fronti\u00e8res avec le Niger et le Mali. Les otages auraient \u00e9t\u00e9 d\u00e9plac\u00e9s \u00e0 plusieurs reprises, avant d\u2019\u00eatre localis\u00e9s et extraits sans violence, selon des sources s\u00e9curitaires.<\/span><\/p>\n<p class=\"p1\"><span class=\"s1\">Le Maroc, tout en gardant un profil bas dans ses interventions ext\u00e9rieures, s\u2019est f\u00e9licit\u00e9 de la lib\u00e9ration de ses ressortissants et a salu\u00e9 la collaboration exemplaire avec les autorit\u00e9s maliennes.<\/span><\/p>\n<p>www.burkinaonline.net<\/p>\n","protected":false},"excerpt":{"rendered":"<p>Bamako, 5 ao\u00fbt 2025 &#8211; Dans un contexte r\u00e9gional marqu\u00e9 par l\u2019ins\u00e9curit\u00e9 croissante, quatre chauffeurs&#8230;<\/p>\n","protected":false},"author":1,"featured_media":8266,"comment_status":"open","ping_status":"open","sticky":false,"template":"","format":"standard","meta":{"footnotes":""},"categories":[8,18,16,12],"tags":[],"class_list":["post-8265","post","type-post","status-publish","format-standard","has-post-thumbnail","hentry","category-post","category-international","category-sport","category-terrorisme"],"_links":{"self":[{"href":"https:\/\/burkinaonline.net\/index.php?rest_route=\/wp\/v2\/posts\/8265","targetHints":{"allow":["GET"]}}],"collection":[{"href":"https:\/\/burkinaonline.net\/index.php?rest_route=\/wp\/v2\/posts"}],"about":[{"href":"https:\/\/burkinaonline.net\/index.php?rest_route=\/wp\/v2\/types\/post"}],"author":[{"embeddable":true,"href":"https:\/\/burkinaonline.net\/index.php?rest_route=\/wp\/v2\/users\/1"}],"replies":[{"embeddable":true,"href":"https:\/\/burkinaonline.net\/index.php?rest_route=%2Fwp%2Fv2%2Fcomments&post=8265"}],"version-history":[{"count":1,"href":"https:\/\/burkinaonline.net\/index.php?rest_route=\/wp\/v2\/posts\/8265\/revisions"}],"predecessor-version":[{"id":8267,"href":"https:\/\/burkinaonline.net\/index.php?rest_route=\/wp\/v2\/posts\/8265\/revisions\/8267"}],"wp:featuredmedia":[{"embeddable":true,"href":"https:\/\/burkinaonline.net\/index.php?rest_route=\/wp\/v2\/media\/8266"}],"wp:attachment":[{"href":"https:\/\/burkinaonline.net\/index.php?rest_route=%2Fwp%2Fv2%2Fmedia&parent=8265"}],"wp:term":[{"taxonomy":"category","embeddable":true,"href":"https:\/\/burkinaonline.net\/index.php?rest_route=%2Fwp%2Fv2%2Fcategories&post=8265"},{"taxonomy":"post_tag","embeddable":true,"href":"https:\/\/burkinaonline.net\/index.php?rest_route=%2Fwp%2Fv2%2Ftags&post=8265"}],"curies":[{"name":"wp","href":"https:\/\/api.w.org\/{rel}","templated":true}]}}