{"id":8268,"date":"2025-08-06T08:08:00","date_gmt":"2025-08-06T08:08:00","guid":{"rendered":"https:\/\/burkinaonline.net\/?p=8268"},"modified":"2025-08-06T08:08:41","modified_gmt":"2025-08-06T08:08:41","slug":"leco-la-monnaie-unique-de-lafrique-de-louest-annoncee-pour-2027","status":"publish","type":"post","link":"https:\/\/burkinaonline.net\/?p=8268","title":{"rendered":"L\u2019Eco : la  monnaie unique de la CEDEAO annonc\u00e9e pour 2027"},"content":{"rendered":"<p class=\"p1\">La CEDEAO relance son grand projet d\u2019int\u00e9gration \u00e9conomique : la cr\u00e9ation d\u2019une monnaie unique, l\u2019Eco. Son lancement est d\u00e9sormais pr\u00e9vu pour 2027, m\u00eame si tous les pays membres ne seront pas pr\u00eats \u00e0 cette date.<\/p>\n<p class=\"p1\"><span class=\"s2\">C\u2019est ce qu\u2019a annonc\u00e9 Omar Alieu Touray, pr\u00e9sident de la Commission de la CEDEAO, lors des sessions mi\u2011annuelles conjointes de la CEDEAO, lanc\u00e9es le 4 ao\u00fbt 2025 \u00e0 Banjul en Gambie.<\/span><\/p>\n<p class=\"p1\"><span class=\"s2\">\u00ab Cette fois-ci, nous avancerons avec ceux qui sont pr\u00eats \u00bb, a-t-il d\u00e9clar\u00e9 \u00e0 cette occasion.<\/span><\/p>\n<p class=\"p1\"><span class=\"s2\"> Une annonce qui marque un tournant dans une initiative vieille de plusieurs d\u00e9cennies.<\/span><\/p>\n<p class=\"p1\"><span class=\"s2\">Une strat\u00e9gie plus flexible<\/span><\/p>\n<p class=\"p1\"><span class=\"s2\">Jusqu\u2019ici, l\u2019ambition de lancer l\u2019Eco se heurtait \u00e0 un obstacle majeur : plusieurs \u00c9tats ne remplissaient pas les crit\u00e8res \u00e9conomiques requis. Inflation trop \u00e9lev\u00e9e, d\u00e9ficit budg\u00e9taire trop important ou r\u00e9serves insuffisantes\u2026 peu de pays arrivaient \u00e0 respecter les r\u00e8gles fix\u00e9es.<\/span><\/p>\n<p class=\"p1\"><span class=\"s2\">La nouveaut\u00e9 aujourd\u2019hui, c\u2019est que la CEDEAO opte pour une approche progressive. Autrement dit, les pays qui sont pr\u00eats pourront d\u00e9marrer. Les autres suivront lorsqu\u2019ils rempliront les conditions. Cette id\u00e9e n\u2019est pas nouvelle : elle avait d\u00e9j\u00e0 \u00e9t\u00e9 \u00e9voqu\u00e9e en 2021, lors de la rencontre de Lom\u00e9, et semble d\u00e9sormais officiellement adopt\u00e9e.<\/span><\/p>\n<p class=\"p1\"><span class=\"s2\">Pourquoi l\u2019Eco est-elle si attendue ?<\/span><\/p>\n<p class=\"p1\"><span class=\"s2\">L\u2019Eco ne repr\u00e9sente pas seulement un changement de monnaie. Elle symbolise une volont\u00e9 d\u2019ind\u00e9pendance mon\u00e9taire, en particulier pour les pays utilisant encore le franc CFA, souvent per\u00e7u comme un h\u00e9ritage colonial.<\/span><\/p>\n<p class=\"p1\"><span class=\"s2\">Elle vise aussi \u00e0 :<\/span><\/p>\n<p class=\"p3\"><span class=\"s2\"> \u2022 Renforcer la souverainet\u00e9 \u00e9conomique de la r\u00e9gion,<\/span><\/p>\n<p class=\"p3\"><span class=\"s2\"> \u2022 Faciliter le commerce entre les pays membres,<\/span><\/p>\n<p class=\"p3\"><span class=\"s2\"> \u2022 Cr\u00e9er une zone \u00e9conomique plus stable et plus forte face aux chocs ext\u00e9rieurs.<\/span><\/p>\n<p class=\"p1\"><span class=\"s2\">Le respect des crit\u00e8res de convergence<\/span><\/p>\n<p class=\"p1\"><span class=\"s2\">Le principal frein \u00e0 la mise en place de l\u2019Eco reste le non-respect des crit\u00e8res de convergence fix\u00e9s par la CEDEAO. Pour garantir une stabilit\u00e9 mon\u00e9taire commune, chaque pays devait ma\u00eetriser son inflation (\u2264 5 %), limiter son d\u00e9ficit budg\u00e9taire (\u2264 3 % du PIB) et contenir sa dette publique (\u2264 70 % du PIB). Or, dans les faits, aucun \u00c9tat n\u2019a r\u00e9ussi \u00e0 respecter durablement l\u2019ensemble de ces r\u00e8gles. M\u00eame les pays de l\u2019UEMOA, pourtant mieux structur\u00e9s gr\u00e2ce au franc CFA, n\u2019ont pas toujours rempli tous les crit\u00e8res en m\u00eame temps. Cette instabilit\u00e9 macro\u00e9conomique rend difficile une transition sereine vers une monnaie unique.<\/span><\/p>\n<p class=\"p1\"><span class=\"s2\">Cette fois-ci sera la bonne?<\/span><\/p>\n<p class=\"p1\"><span class=\"s2\">Lanc\u00e9 depuis les ann\u00e9es 1980, le projet de monnaie unique a d\u00e9j\u00e0 \u00e9t\u00e9 report\u00e9 \u00e0 plusieurs reprises : 2003, 2005, 2010, 2020\u2026 autant d\u2019\u00e9ch\u00e9ances manqu\u00e9es qui ont fini par nourrir le scepticisme.<\/span><\/p>\n<p class=\"p1\"><span class=\"s2\">Mais cette fois, la donne semble avoir chang\u00e9. En plus de la volont\u00e9 politique affich\u00e9e, la CEDEAO fait d\u00e9sormais face \u00e0 une pression suppl\u00e9mentaire : celle des pays qui ont quitt\u00e9 l\u2019organisation, notamment les membres de l\u2019Alliance des \u00c9tats du Sahel (AES), qui envisagent de cr\u00e9er leur propre monnaie.<\/span><\/p>\n<p class=\"p1\"><span class=\"s2\">Esp\u00e9rons donc que cette fois-ci sera la bonne, et qu\u2019il n\u2019y aura pas un nouveau report, comme cela est malheureusement devenu une habitude depuis les ann\u00e9es 2000.<\/span><\/p>\n<p>www.burkinaonline.net<\/p>\n","protected":false},"excerpt":{"rendered":"<p>La CEDEAO relance son grand projet d\u2019int\u00e9gration \u00e9conomique : la cr\u00e9ation d\u2019une monnaie unique, l\u2019Eco&#8230;.<\/p>\n","protected":false},"author":1,"featured_media":8269,"comment_status":"open","ping_status":"open","sticky":false,"template":"","format":"standard","meta":{"footnotes":""},"categories":[8,15,11],"tags":[],"class_list":["post-8268","post","type-post","status-publish","format-standard","has-post-thumbnail","hentry","category-post","category-economie","category-politique"],"_links":{"self":[{"href":"https:\/\/burkinaonline.net\/index.php?rest_route=\/wp\/v2\/posts\/8268","targetHints":{"allow":["GET"]}}],"collection":[{"href":"https:\/\/burkinaonline.net\/index.php?rest_route=\/wp\/v2\/posts"}],"about":[{"href":"https:\/\/burkinaonline.net\/index.php?rest_route=\/wp\/v2\/types\/post"}],"author":[{"embeddable":true,"href":"https:\/\/burkinaonline.net\/index.php?rest_route=\/wp\/v2\/users\/1"}],"replies":[{"embeddable":true,"href":"https:\/\/burkinaonline.net\/index.php?rest_route=%2Fwp%2Fv2%2Fcomments&post=8268"}],"version-history":[{"count":2,"href":"https:\/\/burkinaonline.net\/index.php?rest_route=\/wp\/v2\/posts\/8268\/revisions"}],"predecessor-version":[{"id":8271,"href":"https:\/\/burkinaonline.net\/index.php?rest_route=\/wp\/v2\/posts\/8268\/revisions\/8271"}],"wp:featuredmedia":[{"embeddable":true,"href":"https:\/\/burkinaonline.net\/index.php?rest_route=\/wp\/v2\/media\/8269"}],"wp:attachment":[{"href":"https:\/\/burkinaonline.net\/index.php?rest_route=%2Fwp%2Fv2%2Fmedia&parent=8268"}],"wp:term":[{"taxonomy":"category","embeddable":true,"href":"https:\/\/burkinaonline.net\/index.php?rest_route=%2Fwp%2Fv2%2Fcategories&post=8268"},{"taxonomy":"post_tag","embeddable":true,"href":"https:\/\/burkinaonline.net\/index.php?rest_route=%2Fwp%2Fv2%2Ftags&post=8268"}],"curies":[{"name":"wp","href":"https:\/\/api.w.org\/{rel}","templated":true}]}}