{"id":8274,"date":"2025-08-06T13:27:27","date_gmt":"2025-08-06T13:27:27","guid":{"rendered":"https:\/\/burkinaonline.net\/?p=8274"},"modified":"2025-08-06T13:27:27","modified_gmt":"2025-08-06T13:27:27","slug":"senegal-sonko-part-en-guerre-contre-les-fonctionnaires-milliardaires","status":"publish","type":"post","link":"https:\/\/burkinaonline.net\/?p=8274","title":{"rendered":"S\u00e9n\u00e9gal : Sonko part en guerre contre les \u00ab fonctionnaires milliardaires \u00bb"},"content":{"rendered":"<p class=\"p1\">Le Premier ministre s\u00e9n\u00e9galais, Ousmane Sonko, a lanc\u00e9 une charge frontale contre la corruption dans la haute administration, ce lundi 4 ao\u00fbt 2025, \u00e0 l\u2019occasion du lancement de l\u2019Agenda national de transformation du service public.<\/p>\n<p class=\"p1\"><span class=\"s2\">Dans son discours, il a d\u00e9nonc\u00e9 l\u2019enrichissement illicite de certains hauts fonctionnaires.<\/span><\/p>\n<p class=\"p3\"><span class=\"s2\">\u00ab On ne peut pas \u00eatre milliardaire en \u00e9tant fonctionnaire \u00bb, a-t-il martel\u00e9, soulignant les \u00e9carts choquants entre les revenus officiels et les fortunes personnelles de certains cadres de l\u2019\u00c9tat.<\/span><\/p>\n<p class=\"p3\"><span class=\"s2\">Il a \u00e9galement mis en lumi\u00e8re le ph\u00e9nom\u00e8ne de la surfacturation dans les march\u00e9s publics, qui repr\u00e9senterait, selon lui, environ 18 % de surco\u00fbt pour l\u2019\u00c9tat. Un manque \u00e0 gagner \u00e9norme pour les finances publiques.<\/span><\/p>\n<p class=\"p3\"><span class=\"s2\">Pour rem\u00e9dier \u00e0 cette situation, Ousmane Sonko a promis une s\u00e9rie de r\u00e9formes structurelles : transparence des proc\u00e9dures, audit des patrimoines, et lutte contre les privil\u00e8ges indus.<\/span><\/p>\n<p class=\"p3\"><span class=\"s2\">Il s\u2019agit, selon lui, de \u00ab restaurer l\u2019exemplarit\u00e9 \u00bb au sommet de l\u2019\u00c9tat et de r\u00e9concilier les citoyens avec leur administration.<\/span><\/p>\n<p class=\"p3\"><span class=\"s2\">Ce discours marque une nouvelle \u00e9tape dans la volont\u00e9 affich\u00e9e du gouvernement de rompre avec les anciennes pratiques et de mettre fin \u00e0 l\u2019impunit\u00e9.<\/span><\/p>\n<p class=\"p1\"><span class=\"s1\">www.burkinaonline.net<\/span><\/p>\n","protected":false},"excerpt":{"rendered":"<p>Le Premier ministre s\u00e9n\u00e9galais, Ousmane Sonko, a lanc\u00e9 une charge frontale contre la corruption dans&#8230;<\/p>\n","protected":false},"author":1,"featured_media":8275,"comment_status":"open","ping_status":"open","sticky":false,"template":"","format":"standard","meta":{"footnotes":""},"categories":[8,18,13],"tags":[],"class_list":["post-8274","post","type-post","status-publish","format-standard","has-post-thumbnail","hentry","category-post","category-international","category-societe"],"_links":{"self":[{"href":"https:\/\/burkinaonline.net\/index.php?rest_route=\/wp\/v2\/posts\/8274","targetHints":{"allow":["GET"]}}],"collection":[{"href":"https:\/\/burkinaonline.net\/index.php?rest_route=\/wp\/v2\/posts"}],"about":[{"href":"https:\/\/burkinaonline.net\/index.php?rest_route=\/wp\/v2\/types\/post"}],"author":[{"embeddable":true,"href":"https:\/\/burkinaonline.net\/index.php?rest_route=\/wp\/v2\/users\/1"}],"replies":[{"embeddable":true,"href":"https:\/\/burkinaonline.net\/index.php?rest_route=%2Fwp%2Fv2%2Fcomments&post=8274"}],"version-history":[{"count":1,"href":"https:\/\/burkinaonline.net\/index.php?rest_route=\/wp\/v2\/posts\/8274\/revisions"}],"predecessor-version":[{"id":8276,"href":"https:\/\/burkinaonline.net\/index.php?rest_route=\/wp\/v2\/posts\/8274\/revisions\/8276"}],"wp:featuredmedia":[{"embeddable":true,"href":"https:\/\/burkinaonline.net\/index.php?rest_route=\/wp\/v2\/media\/8275"}],"wp:attachment":[{"href":"https:\/\/burkinaonline.net\/index.php?rest_route=%2Fwp%2Fv2%2Fmedia&parent=8274"}],"wp:term":[{"taxonomy":"category","embeddable":true,"href":"https:\/\/burkinaonline.net\/index.php?rest_route=%2Fwp%2Fv2%2Fcategories&post=8274"},{"taxonomy":"post_tag","embeddable":true,"href":"https:\/\/burkinaonline.net\/index.php?rest_route=%2Fwp%2Fv2%2Ftags&post=8274"}],"curies":[{"name":"wp","href":"https:\/\/api.w.org\/{rel}","templated":true}]}}