{"id":8277,"date":"2025-08-07T22:33:04","date_gmt":"2025-08-07T22:33:04","guid":{"rendered":"https:\/\/burkinaonline.net\/?p=8277"},"modified":"2025-08-07T22:33:17","modified_gmt":"2025-08-07T22:33:17","slug":"quelle-est-la-difference-entre-une-voiture-de-service-et-une-voiture-de-fonction","status":"publish","type":"post","link":"https:\/\/burkinaonline.net\/?p=8277","title":{"rendered":"Quelle est la diff\u00e9rence entre une voiture de service et une voiture de fonction ?"},"content":{"rendered":"<p>Dans le monde professionnel, il n\u2019est pas rare que des v\u00e9hicules soient mis \u00e0 disposition des employ\u00e9s. Mais attention : voiture de service et voiture de fonction ne d\u00e9signent pas la m\u00eame chose. Voici comment les distinguer.<\/p>\n<p>La voiture de service : un v\u00e9hicule de mission<\/p>\n<p>La voiture de service est utilis\u00e9e exclusivement dans le cadre du travail. Elle sert \u00e0 effectuer des d\u00e9placements professionnels : visites de clients, interventions techniques, r\u00e9unions \u00e0 l\u2019ext\u00e9rieur, etc. L\u2019employ\u00e9 ne peut pas l\u2019utiliser pour ses trajets personnels, ni pour rentrer chez lui.<\/p>\n<p>C\u2019est souvent un v\u00e9hicule partag\u00e9 entre plusieurs employ\u00e9s, ou accessible en fonction des besoins. Elle est stationn\u00e9e dans l\u2019entreprise en dehors des heures de service. Elle ne constitue pas un avantage personnel : aucune d\u00e9claration fiscale n\u2019est requise.<\/p>\n<p>La voiture de fonction : un avantage professionnel avec un usage personnel<\/p>\n<p>La voiture de fonction, au contraire, est attribu\u00e9e \u00e0 titre individuel \u00e0 un salari\u00e9. Ce dernier peut s\u2019en servir \u00e0 tout moment, que ce soit pour aller au travail, partir en vacances ou faire ses courses.<\/p>\n<p>Parce qu\u2019elle est aussi utilis\u00e9e \u00e0 des fins priv\u00e9es, cette voiture est consid\u00e9r\u00e9e comme un avantage en nature. Elle doit donc \u00eatre d\u00e9clar\u00e9e et est soumise \u00e0 l\u2019imp\u00f4t. Ce type de v\u00e9hicule est en g\u00e9n\u00e9ral r\u00e9serv\u00e9 aux cadres, responsables ou dirigeants.<\/p>\n<p>En r\u00e9sum\u00e9, comment les diff\u00e9rencier ?<br \/>\n\u2022 L\u2019usage : la voiture de service est r\u00e9serv\u00e9e au travail, la voiture de fonction peut aussi servir \u00e0 titre personnel.<br \/>\n\u2022 La propri\u00e9t\u00e9 d\u2019usage : la premi\u00e8re est souvent collective ou temporaire, la seconde est individuelle et permanente.<br \/>\n\u2022 Les b\u00e9n\u00e9ficiaires : les voitures de service sont donn\u00e9es aux personnels op\u00e9rationnels (techniciens, commerciaux\u2026), celles de fonction aux postes de responsabilit\u00e9.<br \/>\n\u2022 Le traitement fiscal : pas d\u2019imposition pour la voiture de service, mais imposition obligatoire pour la voiture de fonction.<\/p>\n<p>Conclusion<\/p>\n<p>Il est important, tant pour l\u2019employeur que pour le salari\u00e9, de bien conna\u00eetre la nature du v\u00e9hicule mis \u00e0 disposition. Cela permet de respecter les r\u00e8gles d\u2019usage, d\u2019\u00e9viter les malentendus et d\u2019\u00eatre en r\u00e8gle vis-\u00e0-vis de l\u2019administration fiscale.<br \/>\nwww.burkinaonline.net<br \/>\n#BurkinaOnline<\/p>\n","protected":false},"excerpt":{"rendered":"<p>Dans le monde professionnel, il n\u2019est pas rare que des v\u00e9hicules soient mis \u00e0 disposition&#8230;<\/p>\n","protected":false},"author":1,"featured_media":8278,"comment_status":"open","ping_status":"open","sticky":false,"template":"","format":"standard","meta":{"footnotes":""},"categories":[8,15,13],"tags":[],"class_list":["post-8277","post","type-post","status-publish","format-standard","has-post-thumbnail","hentry","category-post","category-economie","category-societe"],"_links":{"self":[{"href":"https:\/\/burkinaonline.net\/index.php?rest_route=\/wp\/v2\/posts\/8277","targetHints":{"allow":["GET"]}}],"collection":[{"href":"https:\/\/burkinaonline.net\/index.php?rest_route=\/wp\/v2\/posts"}],"about":[{"href":"https:\/\/burkinaonline.net\/index.php?rest_route=\/wp\/v2\/types\/post"}],"author":[{"embeddable":true,"href":"https:\/\/burkinaonline.net\/index.php?rest_route=\/wp\/v2\/users\/1"}],"replies":[{"embeddable":true,"href":"https:\/\/burkinaonline.net\/index.php?rest_route=%2Fwp%2Fv2%2Fcomments&post=8277"}],"version-history":[{"count":1,"href":"https:\/\/burkinaonline.net\/index.php?rest_route=\/wp\/v2\/posts\/8277\/revisions"}],"predecessor-version":[{"id":8279,"href":"https:\/\/burkinaonline.net\/index.php?rest_route=\/wp\/v2\/posts\/8277\/revisions\/8279"}],"wp:featuredmedia":[{"embeddable":true,"href":"https:\/\/burkinaonline.net\/index.php?rest_route=\/wp\/v2\/media\/8278"}],"wp:attachment":[{"href":"https:\/\/burkinaonline.net\/index.php?rest_route=%2Fwp%2Fv2%2Fmedia&parent=8277"}],"wp:term":[{"taxonomy":"category","embeddable":true,"href":"https:\/\/burkinaonline.net\/index.php?rest_route=%2Fwp%2Fv2%2Fcategories&post=8277"},{"taxonomy":"post_tag","embeddable":true,"href":"https:\/\/burkinaonline.net\/index.php?rest_route=%2Fwp%2Fv2%2Ftags&post=8277"}],"curies":[{"name":"wp","href":"https:\/\/api.w.org\/{rel}","templated":true}]}}