{"id":8287,"date":"2025-08-10T08:04:00","date_gmt":"2025-08-10T08:04:00","guid":{"rendered":"https:\/\/burkinaonline.net\/?p=8287"},"modified":"2025-08-10T08:22:37","modified_gmt":"2025-08-10T08:22:37","slug":"mali-resultats-du-sondage-mali-metre-2025-deux-tiers-des-maliens-687-estiment-que-la-situation-generale-du-pays-sest-amelioree","status":"publish","type":"post","link":"https:\/\/burkinaonline.net\/?p=8287","title":{"rendered":"Mali : r\u00e9sultats du sondage \u00ab Mali-M\u00e8tre 2025 \u00bb &#8211; deux tiers des Maliens (68,7\u202f%) estiment que la situation g\u00e9n\u00e9rale du pays s\u2019est am\u00e9lior\u00e9e."},"content":{"rendered":"<p class=\"p1\">Depuis 15 ans, la Fondation allemande Friedrich-Ebert Stifung (FES) organise chaque ann\u00e9e au Mali le sondage \u00ab Mali-M\u00e8tre \u00bb. Cette \u00e9tude recueille les perceptions des Maliens sur la situation politique, sociale et s\u00e9curitaire du pays. L\u2019enqu\u00eate \u00ab Mali-M\u00e8tre 2025 \u00bb dresse un panorama pr\u00e9cis de ces perceptions ainsi que des attentes des Maliens pour l\u2019avenir.<\/p>\n<p class=\"p1\"><span class=\"s1\">Le r\u00e9sultat de cette enqu\u00eate de 86 pages a \u00e9t\u00e9 publi\u00e9 en mai 2025. Votre m\u00e9dia, Burkina Online, vous en propose une synth\u00e8se.<\/span><\/p>\n<p class=\"p1\"><span class=\"s1\">Am\u00e9lioration de la situation et satisfaction vis-\u00e0-vis de la transition<\/span><\/p>\n<p class=\"p1\"><span class=\"s1\">Selon cette enqu\u00eate, deux tiers des Maliens (68,7 %) estiment que la situation g\u00e9n\u00e9rale du pays s\u2019est am\u00e9lior\u00e9e au cours des douze derniers mois. Cette am\u00e9lioration est principalement attribu\u00e9e \u00e0 une meilleure s\u00e9curit\u00e9 (48,5 %), au renforcement des forces de s\u00e9curit\u00e9 (12,6 %) et \u00e0 une gouvernance renforc\u00e9e (15,2 %). Toutefois, une minorit\u00e9 souligne une d\u00e9gradation li\u00e9e \u00e0 la hausse des prix des denr\u00e9es alimentaires (21,9 %) et au co\u00fbt de la vie (19,7 %).<\/span><\/p>\n<p class=\"p1\"><span class=\"s1\">Neuf Maliens sur dix expriment leur satisfaction quant \u00e0 la gestion de la transition (57,1 % tr\u00e8s satisfaits, 33,6 % plut\u00f4t satisfaits). Le pr\u00e9sident de la transition b\u00e9n\u00e9ficie de la confiance de plus de 70 % des citoyens (72,1 %), consolidant ainsi son r\u00f4le central dans le processus.<\/span><\/p>\n<p class=\"p1\"><span class=\"s1\">Confiance en la d\u00e9mocratie et disparit\u00e9s r\u00e9gionales<\/span><\/p>\n<p class=\"p1\"><span class=\"s1\">Plus de 70 % des Maliens font confiance \u00e0 la transition pour conduire le pays vers une d\u00e9mocratie stable et une bonne gouvernance. Cette confiance est cependant nuanc\u00e9e par des disparit\u00e9s r\u00e9gionales, notamment dans la r\u00e9gion de Kidal, o\u00f9 plus de la moiti\u00e9 des habitants (57,4 %) expriment une m\u00e9fiance envers le processus.<\/span><\/p>\n<p class=\"p1\"><span class=\"s1\">S\u00e9curit\u00e9 et coop\u00e9ration internationale<\/span><\/p>\n<p class=\"p1\"><span class=\"s1\">L\u2019enqu\u00eate met en lumi\u00e8re une diminution significative de l\u2019ins\u00e9curit\u00e9 dans la majorit\u00e9 des r\u00e9gions, avec des taux de satisfaction particuli\u00e8rement \u00e9lev\u00e9s \u00e0 Tombouctou (91,6 %). Cette am\u00e9lioration est principalement due au renforcement des forces de s\u00e9curit\u00e9 (94,4 %) et \u00e0 une meilleure collaboration entre forces et populations (16,3 %).<\/span><\/p>\n<p class=\"p1\"><span class=\"s1\">La majorit\u00e9 des Maliens se montre favorable au d\u00e9part de la MINUSMA (67,1 %), tandis que la coop\u00e9ration avec la Russie recueille une confiance tr\u00e8s forte, avec 78,8 % des sond\u00e9s exprimant une grande confiance dans l\u2019aide russe au r\u00e9tablissement de l\u2019int\u00e9grit\u00e9 territoriale, et pr\u00e8s de 96 % satisfaits de la coop\u00e9ration bilat\u00e9rale.<\/span><\/p>\n<p class=\"p1\"><span class=\"s1\">Les forces de s\u00e9curit\u00e9 nationales (arm\u00e9e (90,2 %), gendarmerie (54,1 %), police (53,3 %) et garde nationale (38,3 %) )restent les acteurs les plus cr\u00e9dibles aux yeux de la population. Les partenaires russes et la soci\u00e9t\u00e9 civile b\u00e9n\u00e9ficient chacun de la confiance d\u2019environ un quart des Maliens.<\/span><\/p>\n<p class=\"p1\"><span class=\"s1\">Gouvernance, corruption et justice<\/span><\/p>\n<p class=\"p1\"><span class=\"s1\">Plus de la moiti\u00e9 des Maliens (57,7 %) consid\u00e8rent que la corruption demeure \u00e9lev\u00e9e, affectant en particulier la police (47,9 %), les mairies (40,1 %) et la justice (35,7 %). Malgr\u00e9 une baisse notable de la perception de la corruption depuis 2021 (91,2 % \u00e0 57,5 % en 2025), la confiance dans la justice a l\u00e9g\u00e8rement diminu\u00e9 en 2025, avec seulement 18,3 % des sond\u00e9s d\u00e9clarant avoir totalement confiance, contre 21,9 % en 2024.<\/span><\/p>\n<p class=\"p1\"><span class=\"s1\">Relations r\u00e9gionales\u00a0<\/span><\/p>\n<p class=\"p1\"><span class=\"s1\"><span class=\"Apple-converted-space\">\u00a0<\/span>Plus de 9 Maliens sur 10 sont satisfaits de la cr\u00e9ation de l&rsquo;Alliance des \u00c9tats du Sahel (AES). <\/span>\u00a082,7 % estiment qu&rsquo;il n&rsquo;est pas opportun d&rsquo;engager un dialogue avec les anciens signataires de l&rsquo;Accord pour la paix. Les Maliens souhaitent que leur pays entretienne de bonnes relations avec le Burkina Faso (81,9 %) et le Niger (78,1 %).<\/p>\n<p class=\"p1\"><span class=\"s1\">Perspectives et attentes pour l\u2019avenir<\/span><\/p>\n<p class=\"p1\"><span class=\"s1\">Sur le plan politique, 60 % des Maliens estiment peu probable l\u2019organisation d\u2019\u00e9lections en 2025, bien qu\u2019un tiers (34,4 %) y croie encore. Les principaux souhaits pour l\u2019avenir sont le retour de la paix et de la s\u00e9curit\u00e9 (41,4 %), la relance \u00e9conomique (31 %), la r\u00e9duction de la pauvret\u00e9 (20,3 %) et le d\u00e9veloppement des infrastructures (19 %).<\/span><\/p>\n<p class=\"p1\"><span class=\"s1\">Cette enqu\u00eate offre une photographie d\u00e9taill\u00e9e des d\u00e9fis et espoirs du Mali en cette p\u00e9riode importante de transition. Elle souligne un soutien majoritaire \u00e0 la gestion actuelle, tout en mettant en lumi\u00e8re des attentes fortes en mati\u00e8re de s\u00e9curit\u00e9, de gouvernance et de d\u00e9veloppement.<\/span><\/p>\n<p class=\"p1\"><span class=\"s1\">Lien du rapport complet :<\/span><\/p>\n<p class=\"p1\"><span class=\"s2\"><a href=\"https:\/\/library.fes.de\/pdf-files\/bueros\/mali\/10100\/2025.pdf\">https:\/\/library.fes.de\/pdf-files\/bueros\/mali\/10100\/2025.pdf<\/a><\/span><\/p>\n<p class=\"p1\"><span class=\"s2\">www.burkinaonline.net<\/span><\/p>\n","protected":false},"excerpt":{"rendered":"<p>Depuis 15 ans, la Fondation allemande Friedrich-Ebert Stifung (FES) organise chaque ann\u00e9e au Mali le&#8230;<\/p>\n","protected":false},"author":1,"featured_media":8288,"comment_status":"open","ping_status":"open","sticky":false,"template":"","format":"standard","meta":{"footnotes":""},"categories":[8,30,11,12],"tags":[],"class_list":["post-8287","post","type-post","status-publish","format-standard","has-post-thumbnail","hentry","category-post","category-aes","category-politique","category-terrorisme"],"_links":{"self":[{"href":"https:\/\/burkinaonline.net\/index.php?rest_route=\/wp\/v2\/posts\/8287","targetHints":{"allow":["GET"]}}],"collection":[{"href":"https:\/\/burkinaonline.net\/index.php?rest_route=\/wp\/v2\/posts"}],"about":[{"href":"https:\/\/burkinaonline.net\/index.php?rest_route=\/wp\/v2\/types\/post"}],"author":[{"embeddable":true,"href":"https:\/\/burkinaonline.net\/index.php?rest_route=\/wp\/v2\/users\/1"}],"replies":[{"embeddable":true,"href":"https:\/\/burkinaonline.net\/index.php?rest_route=%2Fwp%2Fv2%2Fcomments&post=8287"}],"version-history":[{"count":4,"href":"https:\/\/burkinaonline.net\/index.php?rest_route=\/wp\/v2\/posts\/8287\/revisions"}],"predecessor-version":[{"id":8292,"href":"https:\/\/burkinaonline.net\/index.php?rest_route=\/wp\/v2\/posts\/8287\/revisions\/8292"}],"wp:featuredmedia":[{"embeddable":true,"href":"https:\/\/burkinaonline.net\/index.php?rest_route=\/wp\/v2\/media\/8288"}],"wp:attachment":[{"href":"https:\/\/burkinaonline.net\/index.php?rest_route=%2Fwp%2Fv2%2Fmedia&parent=8287"}],"wp:term":[{"taxonomy":"category","embeddable":true,"href":"https:\/\/burkinaonline.net\/index.php?rest_route=%2Fwp%2Fv2%2Fcategories&post=8287"},{"taxonomy":"post_tag","embeddable":true,"href":"https:\/\/burkinaonline.net\/index.php?rest_route=%2Fwp%2Fv2%2Ftags&post=8287"}],"curies":[{"name":"wp","href":"https:\/\/api.w.org\/{rel}","templated":true}]}}