{"id":8293,"date":"2025-08-10T20:34:39","date_gmt":"2025-08-10T20:34:39","guid":{"rendered":"https:\/\/burkinaonline.net\/?p=8293"},"modified":"2025-08-10T20:34:39","modified_gmt":"2025-08-10T20:34:39","slug":"mali-vague-darrestations-pour-tentative-de-coup-detat","status":"publish","type":"post","link":"https:\/\/burkinaonline.net\/?p=8293","title":{"rendered":"Mali : Vague d\u2019arrestations pour tentative de coup d\u2019\u00c9tat"},"content":{"rendered":"<p class=\"p1\">Depuis le 8 ao\u00fbt 2025, une s\u00e9rie d\u2019arrestations a lieu au sein de l\u2019arm\u00e9e malienne. Selon plusieurs sources, entre 20 et 50 militaires ont \u00e9t\u00e9 interpell\u00e9s, accus\u00e9s de pr\u00e9parer une tentative de coup d\u2019\u00c9tat visant \u00e0 renverser la transition au pouvoir.<\/p>\n<p class=\"p1\"><span class=\"s1\">Parmi les personnes arr\u00eat\u00e9es figure le g\u00e9n\u00e9ral Abass Demb\u00e9l\u00e9, ancien gouverneur de la r\u00e9gion de Mopti. Son arrestation a eu lieu \u00e0 Kati.<\/span><\/p>\n<p class=\"p1\"><span class=\"s1\">La g\u00e9n\u00e9ral de brigade N\u00e9ma Sagara, officier de l\u2019\u00e9tat-major de l\u2019arm\u00e9e de l\u2019air malienne, a \u00e9galement \u00e9t\u00e9 arr\u00eat\u00e9e.<\/span><\/p>\n<p class=\"p1\"><span class=\"s1\">Cette affaire reste en d\u00e9veloppement et suscite une grande attention au Mali comme \u00e0 l&rsquo;\u00e9tranger.<br \/>\nAffaire \u00e0 suivre.<\/span><\/p>\n<p>www.burkinaonline.net<\/p>\n","protected":false},"excerpt":{"rendered":"<p>Depuis le 8 ao\u00fbt 2025, une s\u00e9rie d\u2019arrestations a lieu au sein de l\u2019arm\u00e9e malienne&#8230;.<\/p>\n","protected":false},"author":1,"featured_media":8294,"comment_status":"open","ping_status":"open","sticky":false,"template":"","format":"standard","meta":{"footnotes":""},"categories":[8,30,11],"tags":[],"class_list":["post-8293","post","type-post","status-publish","format-standard","has-post-thumbnail","hentry","category-post","category-aes","category-politique"],"_links":{"self":[{"href":"https:\/\/burkinaonline.net\/index.php?rest_route=\/wp\/v2\/posts\/8293","targetHints":{"allow":["GET"]}}],"collection":[{"href":"https:\/\/burkinaonline.net\/index.php?rest_route=\/wp\/v2\/posts"}],"about":[{"href":"https:\/\/burkinaonline.net\/index.php?rest_route=\/wp\/v2\/types\/post"}],"author":[{"embeddable":true,"href":"https:\/\/burkinaonline.net\/index.php?rest_route=\/wp\/v2\/users\/1"}],"replies":[{"embeddable":true,"href":"https:\/\/burkinaonline.net\/index.php?rest_route=%2Fwp%2Fv2%2Fcomments&post=8293"}],"version-history":[{"count":1,"href":"https:\/\/burkinaonline.net\/index.php?rest_route=\/wp\/v2\/posts\/8293\/revisions"}],"predecessor-version":[{"id":8295,"href":"https:\/\/burkinaonline.net\/index.php?rest_route=\/wp\/v2\/posts\/8293\/revisions\/8295"}],"wp:featuredmedia":[{"embeddable":true,"href":"https:\/\/burkinaonline.net\/index.php?rest_route=\/wp\/v2\/media\/8294"}],"wp:attachment":[{"href":"https:\/\/burkinaonline.net\/index.php?rest_route=%2Fwp%2Fv2%2Fmedia&parent=8293"}],"wp:term":[{"taxonomy":"category","embeddable":true,"href":"https:\/\/burkinaonline.net\/index.php?rest_route=%2Fwp%2Fv2%2Fcategories&post=8293"},{"taxonomy":"post_tag","embeddable":true,"href":"https:\/\/burkinaonline.net\/index.php?rest_route=%2Fwp%2Fv2%2Ftags&post=8293"}],"curies":[{"name":"wp","href":"https:\/\/api.w.org\/{rel}","templated":true}]}}